{"id":162794,"date":"2017-05-05T08:34:47","date_gmt":"2017-05-05T06:34:47","guid":{"rendered":"http:\/\/www.fuldaer-nachrichten.de\/?p=162794"},"modified":"2017-05-05T08:34:47","modified_gmt":"2017-05-05T06:34:47","slug":"gesundheitsamt-mit-neuer-kinderaerztin-verstaerkt","status":"publish","type":"post","link":"https:\/\/www.fuldaernachrichten.de\/?p=162794","title":{"rendered":"Gesundheitsamt mit neuer Kinder\u00e4rztin verst\u00e4rkt"},"content":{"rendered":"<p>Gesundheitsdezernent Dr. Jens Mischak begr\u00fc\u00dfte gemeinsam mit der stellvertretenden Leiterin des Gesundheitsamts Renate Meudt eine neue Kinder\u00e4rztin im Team des Gesundheitsamtes. Adelina-Mirela Maier stammt aus Rum\u00e4nien und wohnt in Alsfeld. Sie verst\u00e4rkt als \u00c4rztin den Kinder- und Jugend\u00e4rztlichen Dienst im Gesundheitsamt zun\u00e4chst befristet f\u00fcr die Dauer einer Schwangerschaftsvertretung und Elternzeit. Derzeit hospitiert sie bei Frau Dr. Petra Steinker, mit der sie zuk\u00fcnftig im Bereich der Schuleingangsuntersuchungen t\u00e4tig sein wird. \u201eWir freuen uns, dass Sie unser Team unterst\u00fctzen. Vielleicht ergibt sich auch danach f\u00fcr Sie eine Perspektive bei uns im Vogelsbergkreis\u201c, sagte der Dezernent.<\/p>\n","protected":false},"excerpt":{"rendered":"<div class=\"tmnf_excerpt\"><p>Gesundheitsdezernent Dr. Jens Mischak begr\u00fc\u00dfte gemeinsam mit der stellvertretenden Leiterin des Gesundheitsamts Renate Meudt eine neue Kinder\u00e4rztin im Team des Gesundheitsamtes. Adelina-Mirela Maier stammt aus Rum\u00e4nien und wohnt in Alsfeld. Sie verst\u00e4rkt als \u00c4rztin den Kinder- und Jugend\u00e4rztlichen Dienst im Gesundheitsamt zun\u00e4chst befristet f\u00fcr die Dauer einer Schwangerschaftsvertretung und Elternzeit. Derzeit hospitiert sie bei Frau &hellip;<\/p>\n<\/div>","protected":false},"author":1,"featured_media":162804,"comment_status":"closed","ping_status":"closed","sticky":false,"template":"","format":"standard","meta":{"footnotes":""},"categories":[1],"tags":[],"class_list":["post-162794","post","type-post","status-publish","format-standard","has-post-thumbnail","hentry","category-startseite"],"_links":{"self":[{"href":"https:\/\/www.fuldaernachrichten.de\/index.php?rest_route=\/wp\/v2\/posts\/162794","targetHints":{"allow":["GET"]}}],"collection":[{"href":"https:\/\/www.fuldaernachrichten.de\/index.php?rest_route=\/wp\/v2\/posts"}],"about":[{"href":"https:\/\/www.fuldaernachrichten.de\/index.php?rest_route=\/wp\/v2\/types\/post"}],"author":[{"embeddable":true,"href":"https:\/\/www.fuldaernachrichten.de\/index.php?rest_route=\/wp\/v2\/users\/1"}],"replies":[{"embeddable":true,"href":"https:\/\/www.fuldaernachrichten.de\/index.php?rest_route=%2Fwp%2Fv2%2Fcomments&post=162794"}],"version-history":[{"count":1,"href":"https:\/\/www.fuldaernachrichten.de\/index.php?rest_route=\/wp\/v2\/posts\/162794\/revisions"}],"predecessor-version":[{"id":162807,"href":"https:\/\/www.fuldaernachrichten.de\/index.php?rest_route=\/wp\/v2\/posts\/162794\/revisions\/162807"}],"wp:featuredmedia":[{"embeddable":true,"href":"https:\/\/www.fuldaernachrichten.de\/index.php?rest_route=\/wp\/v2\/media\/162804"}],"wp:attachment":[{"href":"https:\/\/www.fuldaernachrichten.de\/index.php?rest_route=%2Fwp%2Fv2%2Fmedia&parent=162794"}],"wp:term":[{"taxonomy":"category","embeddable":true,"href":"https:\/\/www.fuldaernachrichten.de\/index.php?rest_route=%2Fwp%2Fv2%2Fcategories&post=162794"},{"taxonomy":"post_tag","embeddable":true,"href":"https:\/\/www.fuldaernachrichten.de\/index.php?rest_route=%2Fwp%2Fv2%2Ftags&post=162794"}],"curies":[{"name":"wp","href":"https:\/\/api.w.org\/{rel}","templated":true}]}}