{"id":162783,"date":"2017-05-05T08:34:43","date_gmt":"2017-05-05T06:34:43","guid":{"rendered":"http:\/\/www.fuldaer-nachrichten.de\/?p=162783"},"modified":"2017-05-05T08:34:43","modified_gmt":"2017-05-05T06:34:43","slug":"orgelmatinee-mit-peter-rottmann-am-13-mai-um-12-05-uhr-im-fuldaer-dom","status":"publish","type":"post","link":"https:\/\/www.fuldaernachrichten.de\/?p=162783","title":{"rendered":"Orgelmatinee mit Peter Rottmann am 13. Mai um 12.05 Uhr im Fuldaer Dom"},"content":{"rendered":"<p>Die Matinee am 13. Mai, Beginn 12.05 Uhr, im Fuldaer Dom, wird von Peter Rottmann aus Bad Kissingen gestaltet, der ein sehr vielf\u00e4ltiges Programm vorstellt. Eine Reihe kleinerer St\u00fccke, die fast quer durch Europa mit einem Abstecher nach USA gehen, Werke von englischen, franz\u00f6sischen, belgischen und italienischen Komponisten werden die Zuh\u00f6rer sicher nicht unbeeindruckt lassen.<\/p>\n","protected":false},"excerpt":{"rendered":"<div class=\"tmnf_excerpt\"><p>Die Matinee am 13. Mai, Beginn 12.05 Uhr, im Fuldaer Dom, wird von Peter Rottmann aus Bad Kissingen gestaltet, der ein sehr vielf\u00e4ltiges Programm vorstellt. Eine Reihe kleinerer St\u00fccke, die fast quer durch Europa mit einem Abstecher nach USA gehen, Werke von englischen, franz\u00f6sischen, belgischen und italienischen Komponisten werden die Zuh\u00f6rer sicher nicht unbeeindruckt lassen.<\/p>\n<\/div>","protected":false},"author":1,"featured_media":162805,"comment_status":"closed","ping_status":"closed","sticky":false,"template":"","format":"standard","meta":{"footnotes":""},"categories":[1],"tags":[],"class_list":["post-162783","post","type-post","status-publish","format-standard","has-post-thumbnail","hentry","category-startseite"],"_links":{"self":[{"href":"https:\/\/www.fuldaernachrichten.de\/index.php?rest_route=\/wp\/v2\/posts\/162783","targetHints":{"allow":["GET"]}}],"collection":[{"href":"https:\/\/www.fuldaernachrichten.de\/index.php?rest_route=\/wp\/v2\/posts"}],"about":[{"href":"https:\/\/www.fuldaernachrichten.de\/index.php?rest_route=\/wp\/v2\/types\/post"}],"author":[{"embeddable":true,"href":"https:\/\/www.fuldaernachrichten.de\/index.php?rest_route=\/wp\/v2\/users\/1"}],"replies":[{"embeddable":true,"href":"https:\/\/www.fuldaernachrichten.de\/index.php?rest_route=%2Fwp%2Fv2%2Fcomments&post=162783"}],"version-history":[{"count":1,"href":"https:\/\/www.fuldaernachrichten.de\/index.php?rest_route=\/wp\/v2\/posts\/162783\/revisions"}],"predecessor-version":[{"id":162806,"href":"https:\/\/www.fuldaernachrichten.de\/index.php?rest_route=\/wp\/v2\/posts\/162783\/revisions\/162806"}],"wp:featuredmedia":[{"embeddable":true,"href":"https:\/\/www.fuldaernachrichten.de\/index.php?rest_route=\/wp\/v2\/media\/162805"}],"wp:attachment":[{"href":"https:\/\/www.fuldaernachrichten.de\/index.php?rest_route=%2Fwp%2Fv2%2Fmedia&parent=162783"}],"wp:term":[{"taxonomy":"category","embeddable":true,"href":"https:\/\/www.fuldaernachrichten.de\/index.php?rest_route=%2Fwp%2Fv2%2Fcategories&post=162783"},{"taxonomy":"post_tag","embeddable":true,"href":"https:\/\/www.fuldaernachrichten.de\/index.php?rest_route=%2Fwp%2Fv2%2Ftags&post=162783"}],"curies":[{"name":"wp","href":"https:\/\/api.w.org\/{rel}","templated":true}]}}