{"id":162763,"date":"2017-05-05T08:27:06","date_gmt":"2017-05-05T06:27:06","guid":{"rendered":"http:\/\/www.fuldaer-nachrichten.de\/?p=162763"},"modified":"2017-05-05T08:27:06","modified_gmt":"2017-05-05T06:27:06","slug":"familien-matinee-der-musikschule-am-21-mai","status":"publish","type":"post","link":"https:\/\/www.fuldaernachrichten.de\/?p=162763","title":{"rendered":"Familien-Matinee der Musikschule am 21. Mai"},"content":{"rendered":"<p>\u201eKinder spielen f\u00fcr Kinder\u201c &#8211; Unter diesem Motto steht die Familien-Matinee der Musikschule der Stadt Fulda, die am Sonntag, den 21. Mai um 11.30 Uhr in der Aula der Alten Universit\u00e4t stattfinden wird. <\/p>\n<p>Wie immer werden ganz junge Musiker im Alter zwischen 6 und 12 Jahren in verschiedenen Besetzungen musizieren und auf das junge Publikum abgestimmte St\u00fccke darbieten. Mit dabei sind Trompetenensemble \u201eTrombi crescendi\u201c unter der Leitung von J\u00fcrgen Vautz und nat\u00fcrlich auch die Kinder aus der Musikalischen Fr\u00fcherziehung mit ihrer Lehrerin Olga Hartmann. Der Eintritt ist frei, der F\u00f6rderverein freut sich \u00fcber eine Spende am Ausgang.<\/p>\n","protected":false},"excerpt":{"rendered":"<div class=\"tmnf_excerpt\"><p>\u201eKinder spielen f\u00fcr Kinder\u201c &#8211; Unter diesem Motto steht die Familien-Matinee der Musikschule der Stadt Fulda, die am Sonntag, den 21. Mai um 11.30 Uhr in der Aula der Alten Universit\u00e4t stattfinden wird. Wie immer werden ganz junge Musiker im Alter zwischen 6 und 12 Jahren in verschiedenen Besetzungen musizieren und auf das junge Publikum &hellip;<\/p>\n<\/div>","protected":false},"author":1,"featured_media":162767,"comment_status":"closed","ping_status":"closed","sticky":false,"template":"","format":"standard","meta":{"footnotes":""},"categories":[1],"tags":[],"class_list":["post-162763","post","type-post","status-publish","format-standard","has-post-thumbnail","hentry","category-startseite"],"_links":{"self":[{"href":"https:\/\/www.fuldaernachrichten.de\/index.php?rest_route=\/wp\/v2\/posts\/162763","targetHints":{"allow":["GET"]}}],"collection":[{"href":"https:\/\/www.fuldaernachrichten.de\/index.php?rest_route=\/wp\/v2\/posts"}],"about":[{"href":"https:\/\/www.fuldaernachrichten.de\/index.php?rest_route=\/wp\/v2\/types\/post"}],"author":[{"embeddable":true,"href":"https:\/\/www.fuldaernachrichten.de\/index.php?rest_route=\/wp\/v2\/users\/1"}],"replies":[{"embeddable":true,"href":"https:\/\/www.fuldaernachrichten.de\/index.php?rest_route=%2Fwp%2Fv2%2Fcomments&post=162763"}],"version-history":[{"count":1,"href":"https:\/\/www.fuldaernachrichten.de\/index.php?rest_route=\/wp\/v2\/posts\/162763\/revisions"}],"predecessor-version":[{"id":162768,"href":"https:\/\/www.fuldaernachrichten.de\/index.php?rest_route=\/wp\/v2\/posts\/162763\/revisions\/162768"}],"wp:featuredmedia":[{"embeddable":true,"href":"https:\/\/www.fuldaernachrichten.de\/index.php?rest_route=\/wp\/v2\/media\/162767"}],"wp:attachment":[{"href":"https:\/\/www.fuldaernachrichten.de\/index.php?rest_route=%2Fwp%2Fv2%2Fmedia&parent=162763"}],"wp:term":[{"taxonomy":"category","embeddable":true,"href":"https:\/\/www.fuldaernachrichten.de\/index.php?rest_route=%2Fwp%2Fv2%2Fcategories&post=162763"},{"taxonomy":"post_tag","embeddable":true,"href":"https:\/\/www.fuldaernachrichten.de\/index.php?rest_route=%2Fwp%2Fv2%2Ftags&post=162763"}],"curies":[{"name":"wp","href":"https:\/\/api.w.org\/{rel}","templated":true}]}}