{"id":162754,"date":"2017-05-05T08:26:01","date_gmt":"2017-05-05T06:26:01","guid":{"rendered":"http:\/\/www.fuldaer-nachrichten.de\/?p=162754"},"modified":"2017-05-05T08:26:01","modified_gmt":"2017-05-05T06:26:01","slug":"huenfeld-bonifatiuskloster-gebetstreffen-und-segnungsgottesdienst-am-samstag-13-mai-2017","status":"publish","type":"post","link":"https:\/\/www.fuldaernachrichten.de\/?p=162754","title":{"rendered":"H\u00fcnfeld \u2013 Bonifatiuskloster &#8211; Gebetstreffen und Segnungsgottesdienst am Samstag, 13. Mai 2017."},"content":{"rendered":"<p>Am Samstag, 13. Mai findet eine Gebetstreffen und Segnungsmesse in der Klosterkirche des St. Bonifatiusklosters statt. Eine Einladung f\u00fcr alle Menschen, die geistlich auftanken wollen und Gottes Beistand, Segen und Kraft f\u00fcr ihr Leben m\u00f6chten. Man kann zu jederzeit dazukommen.<\/p>\n<p>16.30 Uhr            Rosenkranz<br \/>\n17.00 Uhr            Katechese von P. Martin Wolf<br \/>\n17.45 Uhr            Lobpreis mit modernen Lieder, Anbetung und Beichtm\u00f6glichkeit<br \/>\n18.30 Uhr            Hl. Messe mit pers\u00f6nlicher Segnung und Krankensalbung.<\/p>\n","protected":false},"excerpt":{"rendered":"<div class=\"tmnf_excerpt\"><p>Am Samstag, 13. Mai findet eine Gebetstreffen und Segnungsmesse in der Klosterkirche des St. Bonifatiusklosters statt. Eine Einladung f\u00fcr alle Menschen, die geistlich auftanken wollen und Gottes Beistand, Segen und Kraft f\u00fcr ihr Leben m\u00f6chten. Man kann zu jederzeit dazukommen. 16.30 Uhr Rosenkranz 17.00 Uhr Katechese von P. Martin Wolf 17.45 Uhr Lobpreis mit modernen &hellip;<\/p>\n<\/div>","protected":false},"author":1,"featured_media":0,"comment_status":"closed","ping_status":"closed","sticky":false,"template":"","format":"standard","meta":{"footnotes":""},"categories":[1],"tags":[],"class_list":["post-162754","post","type-post","status-publish","format-standard","hentry","category-startseite"],"_links":{"self":[{"href":"https:\/\/www.fuldaernachrichten.de\/index.php?rest_route=\/wp\/v2\/posts\/162754","targetHints":{"allow":["GET"]}}],"collection":[{"href":"https:\/\/www.fuldaernachrichten.de\/index.php?rest_route=\/wp\/v2\/posts"}],"about":[{"href":"https:\/\/www.fuldaernachrichten.de\/index.php?rest_route=\/wp\/v2\/types\/post"}],"author":[{"embeddable":true,"href":"https:\/\/www.fuldaernachrichten.de\/index.php?rest_route=\/wp\/v2\/users\/1"}],"replies":[{"embeddable":true,"href":"https:\/\/www.fuldaernachrichten.de\/index.php?rest_route=%2Fwp%2Fv2%2Fcomments&post=162754"}],"version-history":[{"count":1,"href":"https:\/\/www.fuldaernachrichten.de\/index.php?rest_route=\/wp\/v2\/posts\/162754\/revisions"}],"predecessor-version":[{"id":162762,"href":"https:\/\/www.fuldaernachrichten.de\/index.php?rest_route=\/wp\/v2\/posts\/162754\/revisions\/162762"}],"wp:attachment":[{"href":"https:\/\/www.fuldaernachrichten.de\/index.php?rest_route=%2Fwp%2Fv2%2Fmedia&parent=162754"}],"wp:term":[{"taxonomy":"category","embeddable":true,"href":"https:\/\/www.fuldaernachrichten.de\/index.php?rest_route=%2Fwp%2Fv2%2Fcategories&post=162754"},{"taxonomy":"post_tag","embeddable":true,"href":"https:\/\/www.fuldaernachrichten.de\/index.php?rest_route=%2Fwp%2Fv2%2Ftags&post=162754"}],"curies":[{"name":"wp","href":"https:\/\/api.w.org\/{rel}","templated":true}]}}