{"id":162744,"date":"2017-05-03T20:23:51","date_gmt":"2017-05-03T18:23:51","guid":{"rendered":"http:\/\/www.fuldaer-nachrichten.de\/?p=162744"},"modified":"2017-05-03T20:23:51","modified_gmt":"2017-05-03T18:23:51","slug":"freie-plaetze-bei-freizeiten","status":"publish","type":"post","link":"https:\/\/www.fuldaernachrichten.de\/?p=162744","title":{"rendered":"Freie Pl\u00e4tze bei Freizeiten"},"content":{"rendered":"<p>Der Landkreis Fulda bietet in den kommenden Sommerferien verschiedene Ferienfreizeiten an, bei denen noch Pl\u00e4tze frei sind. Dies betrifft die Freizeit f\u00fcr 10- bis 12j\u00e4hrige \u201eWind, Wellen und Meer\u201c vom 3. bis 14. Juli in St. Peter Ording, die Aktivfreizeit f\u00fcr 12- bis 14j\u00e4hrige \u201eStadt, Land, See im Salzburger Land\u201c vom 15. bis 28. Juli in Lindenhof\/\u00d6sterreich sowie die Freizeit f\u00fcr 14- bis 17j\u00e4hrige \u201eWandern und Klettern in den Alpen\u201c vom 30. Juli bis 5. August im Kleinwalsertal. Information und Anmeldung unter Telefon (0661)6006-427 oder E-Mail jugend@landkreis-fulda.de.<\/p>\n","protected":false},"excerpt":{"rendered":"<div class=\"tmnf_excerpt\"><p>Der Landkreis Fulda bietet in den kommenden Sommerferien verschiedene Ferienfreizeiten an, bei denen noch Pl\u00e4tze frei sind. Dies betrifft die Freizeit f\u00fcr 10- bis 12j\u00e4hrige \u201eWind, Wellen und Meer\u201c vom 3. bis 14. Juli in St. Peter Ording, die Aktivfreizeit f\u00fcr 12- bis 14j\u00e4hrige \u201eStadt, Land, See im Salzburger Land\u201c vom 15. bis 28. Juli &hellip;<\/p>\n<\/div>","protected":false},"author":1,"featured_media":0,"comment_status":"closed","ping_status":"closed","sticky":false,"template":"","format":"standard","meta":{"footnotes":""},"categories":[1],"tags":[],"class_list":["post-162744","post","type-post","status-publish","format-standard","hentry","category-startseite"],"_links":{"self":[{"href":"https:\/\/www.fuldaernachrichten.de\/index.php?rest_route=\/wp\/v2\/posts\/162744","targetHints":{"allow":["GET"]}}],"collection":[{"href":"https:\/\/www.fuldaernachrichten.de\/index.php?rest_route=\/wp\/v2\/posts"}],"about":[{"href":"https:\/\/www.fuldaernachrichten.de\/index.php?rest_route=\/wp\/v2\/types\/post"}],"author":[{"embeddable":true,"href":"https:\/\/www.fuldaernachrichten.de\/index.php?rest_route=\/wp\/v2\/users\/1"}],"replies":[{"embeddable":true,"href":"https:\/\/www.fuldaernachrichten.de\/index.php?rest_route=%2Fwp%2Fv2%2Fcomments&post=162744"}],"version-history":[{"count":1,"href":"https:\/\/www.fuldaernachrichten.de\/index.php?rest_route=\/wp\/v2\/posts\/162744\/revisions"}],"predecessor-version":[{"id":162746,"href":"https:\/\/www.fuldaernachrichten.de\/index.php?rest_route=\/wp\/v2\/posts\/162744\/revisions\/162746"}],"wp:attachment":[{"href":"https:\/\/www.fuldaernachrichten.de\/index.php?rest_route=%2Fwp%2Fv2%2Fmedia&parent=162744"}],"wp:term":[{"taxonomy":"category","embeddable":true,"href":"https:\/\/www.fuldaernachrichten.de\/index.php?rest_route=%2Fwp%2Fv2%2Fcategories&post=162744"},{"taxonomy":"post_tag","embeddable":true,"href":"https:\/\/www.fuldaernachrichten.de\/index.php?rest_route=%2Fwp%2Fv2%2Ftags&post=162744"}],"curies":[{"name":"wp","href":"https:\/\/api.w.org\/{rel}","templated":true}]}}