{"id":16272,"date":"2008-12-11T07:55:35","date_gmt":"2008-12-11T06:55:35","guid":{"rendered":"http:\/\/www.schoene-nachrichten.de\/?p=16272"},"modified":"2008-12-10T22:52:23","modified_gmt":"2008-12-10T21:52:23","slug":"neue-treppe-und-mehr-licht-im-telegraphengaesschen","status":"publish","type":"post","link":"https:\/\/www.fuldaernachrichten.de\/?p=16272","title":{"rendered":"Neue Treppe und mehr Licht im \u201eTelegrapheng\u00e4sschen\u201c"},"content":{"rendered":"<p><a rel=\"lightbox[roadtrip]\" href=\"http:\/\/www.schoene-nachrichten.de\/wp-content\/uploads\/2008\/12\/081210-gemuesemarkt.jpg\" target=\"_blank\"><img decoding=\"async\" class=\"alignnone size-thumbnail wp-image-16273\" title=\"081210-gemuesemarkt\" src=\"http:\/\/www.schoene-nachrichten.de\/wp-content\/uploads\/2008\/12\/081210-gemuesemarkt-265x176.jpg\" alt=\"\" hspace=\"5\" width=\"265\" height=\"176\" align=\"left\" srcset=\"https:\/\/www.fuldaernachrichten.de\/wp-content\/uploads\/2008\/12\/081210-gemuesemarkt-265x176.jpg 265w, https:\/\/www.fuldaernachrichten.de\/wp-content\/uploads\/2008\/12\/081210-gemuesemarkt.jpg 600w\" sizes=\"(max-width: 265px) 100vw, 265px\" \/><\/a><strong>Fulda (mb).<\/strong> Wer aufmerksam das \u201eTelegrapheng\u00e4sschen\u201c von der Mittelstra\u00dfe zum Gem\u00fcsemarkt nutzt, dem wird unschwer aufgefallen sein, dass das Gel\u00e4nder entlang des Telekom Innenhofs verschwunden ist. An seiner Stelle soll nach den Vorstellungen der Stadt ein neuer Heckenstreifen entstehen. Umbauen m\u00f6chten die verantwortlichen Planer auch die Treppe, die zum Gem\u00fcsemarkt f\u00fchrt. Damit die nach intensiven Vorgespr\u00e4chen gereifte Idee Wirklichkeit wird, hat der Magistrat gr\u00fcnes Licht f\u00fcr die Vergabe zur Neugestaltung der Gasse gegeben. Um am Zuweg zum Platz, an der Treppe und am Marktbrunnen f\u00fcr mehr stimmungsvolles Licht zu sorgen, ist durch den Magistrat ein weiterer Auftrag f\u00fcr Beleuchtungsarbeiten vergeben worden, an dem das Siedlungswerk sich mit rund 6.500 Euro beteiligt.<!--more--><\/p>\n<p><strong>Attraktivit\u00e4t des Gem\u00fcsemarktes soll weiter steigen<\/strong><\/p>\n<p>Insgesamt bewilligten Fuldas Stadtr\u00e4tinnen, Stadtr\u00e4te und Dezernten rund 79.000 \u00e2\u201a\u00ac f\u00fcr beide Vorhaben, wie Fuldas OB Gerhard M\u00f6ller und Stadtbaur\u00e4tin Cornelia Zuschke erl\u00e4uterten. Rund 55.000 \u00e2\u201a\u00ac entfallen auf die Umgestaltung der Treppenanlage und Gasse. Weitere 24.000 \u00e2\u201a\u00ac sind notwendig, um die Beleuchtung auf dem Weg zum Platz und am Gem\u00fcsemarkt selbst zu komplettieren.<\/p>\n<p>\u201eZug um Zug setzen wir das um, was wir versprochen haben, damit der Gem\u00fcsemarkt noch attraktiver wird\u201c, betonte M\u00f6ller in einer Pressenotiz. Wenn alle Arbeiten inklusive der Heckenpflanzen erst einmal abgeschlossen sind, habe der Gem\u00fcsemarkt im Sinne derjenigen, die ihn als Kunde oder Anlieger nutzen, eine Aufwertung erfahren, bekr\u00e4ftigten beide Dezernenten. \u201eWir werden die Arbeitsgruppe aus Gesch\u00e4ftsleiten und Anliegern gerne auch k\u00fcnftig nutzen um dem Gem\u00fcsemarkt weiter Zuwendung zu geben.\u201c<\/p>\n","protected":false},"excerpt":{"rendered":"<div class=\"tmnf_excerpt\"><p>Fulda (mb). Wer aufmerksam das \u201eTelegrapheng\u00e4sschen\u201c von der Mittelstra\u00dfe zum Gem\u00fcsemarkt nutzt, dem wird unschwer aufgefallen sein, dass das Gel\u00e4nder entlang des Telekom Innenhofs verschwunden ist. An seiner Stelle soll nach den Vorstellungen der Stadt ein neuer Heckenstreifen entstehen. Umbauen m\u00f6chten die verantwortlichen Planer auch die Treppe, die zum Gem\u00fcsemarkt f\u00fchrt. Damit die nach intensiven &hellip;<\/p>\n<\/div>","protected":false},"author":1,"featured_media":0,"comment_status":"closed","ping_status":"closed","sticky":false,"template":"","format":"standard","meta":{"footnotes":""},"categories":[1,37,29],"tags":[],"class_list":["post-16272","post","type-post","status-publish","format-standard","hentry","category-startseite","category-essen-und-trinken","category-politik"],"_links":{"self":[{"href":"https:\/\/www.fuldaernachrichten.de\/index.php?rest_route=\/wp\/v2\/posts\/16272","targetHints":{"allow":["GET"]}}],"collection":[{"href":"https:\/\/www.fuldaernachrichten.de\/index.php?rest_route=\/wp\/v2\/posts"}],"about":[{"href":"https:\/\/www.fuldaernachrichten.de\/index.php?rest_route=\/wp\/v2\/types\/post"}],"author":[{"embeddable":true,"href":"https:\/\/www.fuldaernachrichten.de\/index.php?rest_route=\/wp\/v2\/users\/1"}],"replies":[{"embeddable":true,"href":"https:\/\/www.fuldaernachrichten.de\/index.php?rest_route=%2Fwp%2Fv2%2Fcomments&post=16272"}],"version-history":[{"count":2,"href":"https:\/\/www.fuldaernachrichten.de\/index.php?rest_route=\/wp\/v2\/posts\/16272\/revisions"}],"predecessor-version":[{"id":16286,"href":"https:\/\/www.fuldaernachrichten.de\/index.php?rest_route=\/wp\/v2\/posts\/16272\/revisions\/16286"}],"wp:attachment":[{"href":"https:\/\/www.fuldaernachrichten.de\/index.php?rest_route=%2Fwp%2Fv2%2Fmedia&parent=16272"}],"wp:term":[{"taxonomy":"category","embeddable":true,"href":"https:\/\/www.fuldaernachrichten.de\/index.php?rest_route=%2Fwp%2Fv2%2Fcategories&post=16272"},{"taxonomy":"post_tag","embeddable":true,"href":"https:\/\/www.fuldaernachrichten.de\/index.php?rest_route=%2Fwp%2Fv2%2Ftags&post=16272"}],"curies":[{"name":"wp","href":"https:\/\/api.w.org\/{rel}","templated":true}]}}