{"id":162705,"date":"2017-05-03T20:17:13","date_gmt":"2017-05-03T18:17:13","guid":{"rendered":"http:\/\/www.fuldaer-nachrichten.de\/?p=162705"},"modified":"2017-05-03T20:17:13","modified_gmt":"2017-05-03T18:17:13","slug":"17-rettmobil-2017-vom-10-bis-zum-12-mai-auf-der-messe-galerie-fulda-als-kontinentales-branchenereignis","status":"publish","type":"post","link":"https:\/\/www.fuldaernachrichten.de\/?p=162705","title":{"rendered":"17. RETTmobil 2017 vom 10. bis zum 12. Mai auf der Messe Galerie Fulda als kontinentales Branchenereignis"},"content":{"rendered":"<p>Mit 525 Ausstellern aus 19 Nationen, einem Rekordwert, schreibt die 17. RETTmobil 2017 vom 10. bis zum 12. Mai in Fulda ihre Erfolgsgeschichte fort.  Zur Europ\u00e4ischen Leistungsschau f\u00fcr Rettung und Mobilit\u00e4t werden 27 000 Besucher erwartet, auch eine neue H\u00f6chstmarke. Im vergangenen Jahr waren \u00fcber 26 500 Fachbesucher und 517 Aussteller gez\u00e4hlt worden.<\/p>\n<p>Wegen der Terroranschl\u00e4ge und der weltweiten Krisen sowie wegen der damit verbundenen neuen Herausforderungen an Rettungs- und Hilfsorganisationen gewinnt das gr\u00f6\u00dfte Branchenereignis auf unserem Kontinent h\u00f6chste Bedeutung.<br \/>\nDie Messe Galerie Fulda wird wieder drei Tage lang zur Plattform f\u00fcr alle haupt- und ehrenamtlichen Helfer und Retter aus Rettungsorganisationen und Feuerwehren, f\u00fcr ihre Fach- und F\u00fchrungskr\u00e4fte, f\u00fcr Anwender und Entscheidungstr\u00e4ger aus Ministerien, Kommunen und Verb\u00e4nden. 20 Ausstellungshallen und ein gro\u00dfes Freigel\u00e4nde befinden sich am Messestandort. Vertreten sind hier die Hersteller von Kranken- und Rettungsfahrzeugen, Aussteller aus den Bereichen Fahrzeugausr\u00fcstungen, Notfallmedizin, Bekleidung und Funktechnik, Verlage, Fachverb\u00e4nde, Hilfsorganisationen und viele weitere Branchen.<\/p>\n<p>Mobilit\u00e4t erfahren Besucher im Offroad-Bereich f\u00fcr Gel\u00e4ndetraining und bei Fahrsicherheits\u00fcbungen. Hier kann aktuelle Fahrzeug- und Rettungstechnik hautnah erlebt werden. Der Mobilit\u00e4tsbereich wird auch in diesem Jahr intensiviert und erweitert.<\/p>\n<p>Die Arbeitsgemeinschaft der Feuerwehren im Rettungsdienst (AG FReDI) \u00fcbernimmt schon traditionsgem\u00e4\u00df das Messe-Forum und Fortbildungsveranstaltungen. Dabei sind auch wieder alle Hilfsorganisationen. Der Deutsche Feuerwehrverband informiert \u00fcber die Stiftung \u201eHilfe f\u00fcr Helfer\u201c, die sich mit der Psychosozialen Notfallversorgung besch\u00e4ftigt. Die Fuldaer Feuerwehr bietet zusammen mit befreundeten Organisationen ein spannendes Programm mit der Vorf\u00fchrung hydraulischer Rettungsger\u00e4te und an den drei Messetagen praxisbezogene Workshops.<\/p>\n<p>Zum Fachprogramm an zwei Standorten geh\u00f6ren medizinisch-rettungsdienstliche Fortbildungen, Seminare und Workshops. Professor Dr. Peter Sefrin hat als wissenschaftlicher Leiter wieder namhafte Referenten gewonnen.<br \/>\nHartmut Ziebs, Pr\u00e4sident des Deutschen Feuerwehr Verbandes, hat die Schirmherrschaft der 17. RETTmobil \u00fcbernommen. Er wird die Messe am Mittwoch, 10. Mai, um 10 Uhr er\u00f6fffnen. <\/p>\n<p>In der Zusammenarbeit mit der Stadt Fulda stellt die Messe Fulda GmbH, die von Anfang an die RETTmobil plant, vorbereitet und organisiert, kostenlose Parkpl\u00e4tze zur Verf\u00fcgung. Au\u00dferdem wird ein halbst\u00fcndlicher, kostenloser Bustransfer vom Bahnhof zur Fulda Galerie und zur\u00fcck angeboten.<\/p>\n<p>Ideeller Tr\u00e4ger der RETTmobil ist die Interessengemeinschaft der Hersteller von Kranken- und Rettungsfahrzeugen e.V. (IKR).  Wichtige Mitglieder sind renommierte Aufbauproduzenten aus Europa, Deutsche Automobilhersteller wie Daimler und VW, Zulieferer der Branchen und F\u00f6rderer.<\/p>\n","protected":false},"excerpt":{"rendered":"<div class=\"tmnf_excerpt\"><p>Mit 525 Ausstellern aus 19 Nationen, einem Rekordwert, schreibt die 17. RETTmobil 2017 vom 10. bis zum 12. Mai in Fulda ihre Erfolgsgeschichte fort. Zur Europ\u00e4ischen Leistungsschau f\u00fcr Rettung und Mobilit\u00e4t werden 27 000 Besucher erwartet, auch eine neue H\u00f6chstmarke. Im vergangenen Jahr waren \u00fcber 26 500 Fachbesucher und 517 Aussteller gez\u00e4hlt worden. Wegen der &hellip;<\/p>\n<\/div>","protected":false},"author":1,"featured_media":162707,"comment_status":"closed","ping_status":"closed","sticky":false,"template":"","format":"standard","meta":{"footnotes":""},"categories":[1],"tags":[],"class_list":["post-162705","post","type-post","status-publish","format-standard","has-post-thumbnail","hentry","category-startseite"],"_links":{"self":[{"href":"https:\/\/www.fuldaernachrichten.de\/index.php?rest_route=\/wp\/v2\/posts\/162705","targetHints":{"allow":["GET"]}}],"collection":[{"href":"https:\/\/www.fuldaernachrichten.de\/index.php?rest_route=\/wp\/v2\/posts"}],"about":[{"href":"https:\/\/www.fuldaernachrichten.de\/index.php?rest_route=\/wp\/v2\/types\/post"}],"author":[{"embeddable":true,"href":"https:\/\/www.fuldaernachrichten.de\/index.php?rest_route=\/wp\/v2\/users\/1"}],"replies":[{"embeddable":true,"href":"https:\/\/www.fuldaernachrichten.de\/index.php?rest_route=%2Fwp%2Fv2%2Fcomments&post=162705"}],"version-history":[{"count":1,"href":"https:\/\/www.fuldaernachrichten.de\/index.php?rest_route=\/wp\/v2\/posts\/162705\/revisions"}],"predecessor-version":[{"id":162708,"href":"https:\/\/www.fuldaernachrichten.de\/index.php?rest_route=\/wp\/v2\/posts\/162705\/revisions\/162708"}],"wp:featuredmedia":[{"embeddable":true,"href":"https:\/\/www.fuldaernachrichten.de\/index.php?rest_route=\/wp\/v2\/media\/162707"}],"wp:attachment":[{"href":"https:\/\/www.fuldaernachrichten.de\/index.php?rest_route=%2Fwp%2Fv2%2Fmedia&parent=162705"}],"wp:term":[{"taxonomy":"category","embeddable":true,"href":"https:\/\/www.fuldaernachrichten.de\/index.php?rest_route=%2Fwp%2Fv2%2Fcategories&post=162705"},{"taxonomy":"post_tag","embeddable":true,"href":"https:\/\/www.fuldaernachrichten.de\/index.php?rest_route=%2Fwp%2Fv2%2Ftags&post=162705"}],"curies":[{"name":"wp","href":"https:\/\/api.w.org\/{rel}","templated":true}]}}