{"id":162700,"date":"2017-05-03T20:16:25","date_gmt":"2017-05-03T18:16:25","guid":{"rendered":"http:\/\/www.fuldaer-nachrichten.de\/?p=162700"},"modified":"2017-05-03T20:16:25","modified_gmt":"2017-05-03T18:16:25","slug":"start-im-weinberg","status":"publish","type":"post","link":"https:\/\/www.fuldaernachrichten.de\/?p=162700","title":{"rendered":"Start im Weinberg"},"content":{"rendered":"<p>Am Samstag, 12. Mai startet der Weinhistorische Konvent Fulda wieder mit seiner Veranstaltungsreihe \u201eW\u00e4ck, Woarscht on Wie\u201c im Weinberg am Frauenberg.<br \/>\nJeweils zwischen 14 Uhr und 18:30 Uhr werden in der einmaligen Atmosph\u00e4re des Fuldaer Weinbergs am Frauenberg gute Speisen (W\u00e4ck, Woarscht, K\u00e4s,\u00e2\u20ac\u00a6) und gute Weine ausgeschenkt. Kellermeister und Kapitel\u00e4ltester haben auch interessante neue Ausschankweine ausgew\u00e4hlt. In den Monaten bis September wiederholt sich das Event mit unterschiedlichem Akzent jeweils am 2. Samstag jeden Monats. Das Kapitel freut sich auf Ihr Kommen.<\/p>\n","protected":false},"excerpt":{"rendered":"<div class=\"tmnf_excerpt\"><p>Am Samstag, 12. Mai startet der Weinhistorische Konvent Fulda wieder mit seiner Veranstaltungsreihe \u201eW\u00e4ck, Woarscht on Wie\u201c im Weinberg am Frauenberg. Jeweils zwischen 14 Uhr und 18:30 Uhr werden in der einmaligen Atmosph\u00e4re des Fuldaer Weinbergs am Frauenberg gute Speisen (W\u00e4ck, Woarscht, K\u00e4s,\u00e2\u20ac\u00a6) und gute Weine ausgeschenkt. Kellermeister und Kapitel\u00e4ltester haben auch interessante neue Ausschankweine &hellip;<\/p>\n<\/div>","protected":false},"author":1,"featured_media":0,"comment_status":"closed","ping_status":"closed","sticky":false,"template":"","format":"standard","meta":{"footnotes":""},"categories":[1],"tags":[],"class_list":["post-162700","post","type-post","status-publish","format-standard","hentry","category-startseite"],"_links":{"self":[{"href":"https:\/\/www.fuldaernachrichten.de\/index.php?rest_route=\/wp\/v2\/posts\/162700","targetHints":{"allow":["GET"]}}],"collection":[{"href":"https:\/\/www.fuldaernachrichten.de\/index.php?rest_route=\/wp\/v2\/posts"}],"about":[{"href":"https:\/\/www.fuldaernachrichten.de\/index.php?rest_route=\/wp\/v2\/types\/post"}],"author":[{"embeddable":true,"href":"https:\/\/www.fuldaernachrichten.de\/index.php?rest_route=\/wp\/v2\/users\/1"}],"replies":[{"embeddable":true,"href":"https:\/\/www.fuldaernachrichten.de\/index.php?rest_route=%2Fwp%2Fv2%2Fcomments&post=162700"}],"version-history":[{"count":1,"href":"https:\/\/www.fuldaernachrichten.de\/index.php?rest_route=\/wp\/v2\/posts\/162700\/revisions"}],"predecessor-version":[{"id":162704,"href":"https:\/\/www.fuldaernachrichten.de\/index.php?rest_route=\/wp\/v2\/posts\/162700\/revisions\/162704"}],"wp:attachment":[{"href":"https:\/\/www.fuldaernachrichten.de\/index.php?rest_route=%2Fwp%2Fv2%2Fmedia&parent=162700"}],"wp:term":[{"taxonomy":"category","embeddable":true,"href":"https:\/\/www.fuldaernachrichten.de\/index.php?rest_route=%2Fwp%2Fv2%2Fcategories&post=162700"},{"taxonomy":"post_tag","embeddable":true,"href":"https:\/\/www.fuldaernachrichten.de\/index.php?rest_route=%2Fwp%2Fv2%2Ftags&post=162700"}],"curies":[{"name":"wp","href":"https:\/\/api.w.org\/{rel}","templated":true}]}}