{"id":162684,"date":"2017-05-03T20:13:46","date_gmt":"2017-05-03T18:13:46","guid":{"rendered":"http:\/\/www.fuldaer-nachrichten.de\/?p=162684"},"modified":"2017-05-03T20:13:46","modified_gmt":"2017-05-03T18:13:46","slug":"gefaesschirurgie-am-klinikum-fulda-startet-durch-priv-doz-dr-med-richard-kellersmann-ist-neuer-direktor-der-gefaesschirurgie","status":"publish","type":"post","link":"https:\/\/www.fuldaernachrichten.de\/?p=162684","title":{"rendered":"Gef\u00e4\u00dfchirurgie am Klinikum Fulda startet durch:  Priv.-Doz. Dr. med. Richard Kellersmann ist neuer Direktor der Gef\u00e4\u00dfchirurgie"},"content":{"rendered":"<p>In der Gef\u00e4\u00dfchirurgie werden alle Erkrankungen der Arterien und Venen untersucht und behandelt. Mit Priv.-Doz. Dr. Richard Kellersmann \u00fcbernimmt nun ein deutschlandweit renommierter Experte die Fuldaer Abteilung. \u201eDamit st\u00e4rken wir unser Profil als Top-Krankenhaus und erweitern unser Spektrum in der Gef\u00e4\u00dfchirurgie\u201c, freut sich Priv.-Doz. Dr. Thomas Menzel, Vorstandssprecher des Klinikums Fulda. <\/p>\n<p>S\u00e4mtliche arterielle Gef\u00e4\u00dfrekonstruktionen, egal ob \u201eklassisch-gef\u00e4\u00dfchirurgisch\u201c oder endovaskul\u00e4r (minimal-invasive Kathetertechniken), alle Verfahren bei der peripheren arteriellen Verschlusskrankheit (pAVK), bei Aneurysmaleiden, bei Hirndurchblutungsst\u00f6rung aufgrund von Einengungen der Halsschlagadern oder f\u00fcr die Anlage von Gef\u00e4\u00dfzug\u00e4ngen f\u00fcr Dialysepatienten geh\u00f6ren zum Spektrum der Klinik f\u00fcr Gef\u00e4\u00dfchirurgie und endovaskul\u00e4ren Medizin des Klinikums Fulda. Bei den  endovaskul\u00e4ren Verfahren wird es eine enge Zusammenarbeit mit der Abteilung f\u00fcr Radiologie geben.<\/p>\n<p>Mit dem neuen Chefarzt wird das Herz-Thorax-Zentrum mit Prof. Dr. Volker Sch\u00e4chinger (Direktor der Kardiologie), Priv.-Doz. Dr. Hilmar D\u00f6rge (Direktor der Herz-Thoraxchirurgie) und Prof. Dr. Philipp Markart (Direktor der Pneumologie), komplettiert.  <\/p>\n<p>Zur Person: Priv.-Doz. Dr. Richard Kellersmann<br \/>\nDer geb\u00fcrtige Osnabr\u00fccker absolvierte sein Studium der Humanmedizin an der Christian-Albrechts-Universit\u00e4t in Kiel. Im Jahr 2002 erhielt er die Facharztanerkennung f\u00fcr Chirurgie und im Jahr 2005 die Schwerpunktbezeichnung f\u00fcr Gef\u00e4\u00dfchirurgie. Nach seiner Habilitation im Jahr 2005 wurde er zum Oberarzt an der Chirurgischen Universit\u00e4tsklinik W\u00fcrzburg ernannt und 2009 zum Leiter der Sektion f\u00fcr Gef\u00e4\u00dfchirurgie \u2013 Endovaskul\u00e4re Chirurgie der Klinik. Im Jahr 2011 wurde er zum Universit\u00e4tsprofessor f\u00fcr Gef\u00e4\u00dfchirurgie \u2013 Endovaskul\u00e4re Chirurgie an der Julius-Maximilians-Universit\u00e4t W\u00fcrzburg berufen. W\u00e4hrend seiner Zeit in W\u00fcrzburg  war Priv.-Doz. Kellersmann auch konsilliarischer Chefarzt der Abteilung Gef\u00e4\u00dfchirurgie des Klinikums Main-Spessart in Lohr. Seine wissenschaftlichen Arbeiten wurden mit zahlreichen Preisen ausgezeichnet. Er ist Mitglied mehrerer Fachkommissionen der Deutschen Gesellschaft f\u00fcr Gef\u00e4\u00dfchirurgie, u.a leitet er die Kommission f\u00fcr Dialysezug\u00e4nge. Im Focus-Krankenhaus-Ranking ist er unter den besten Gef\u00e4\u00dfchirurgien Deutschlands gelistet. <\/p>\n<p>Nach Fulda kommt Dr. Kellersmann nicht allein, sondern bringt drei weitere \u00c4rzte seines Teams mit. \u201eDie Verpflichtung von Dr. Kellersmann und seinen Mitarbeitern ist ein weiterer Schritt zur St\u00e4rkung unseres Profils als Top-Krankenhaus. Er passt perfekt ins Team unseres Herz-Thorax-Zentrums und ist als anerkannter Gef\u00e4\u00dfchirurg eine echte Verst\u00e4rkung. Jetzt kann auch unsere Gef\u00e4\u00dfchirurgie wieder richtig durchstarten!\u201c, sagt Vorstands-Sprecher Priv.-Doz. Dr. Thomas Menzel. Dr. Kellersmann tritt die Nachfolge von Dr. Manfred Kaufmann an, der nach 9-j\u00e4hriger erfolgreicher T\u00e4tigkeit am Klinikum, im Herbst 2016 in den Ruhestand gegangen war.  In der Zwischenzeit wurde die Klinik organisatorisch der Herz-Thorax-Chirurgie (Priv.-Doz. Dr. Hilmar D\u00f6rge) zugeordnet. Die fachliche Leitung hatte der Leitende Oberarzt der Gef\u00e4\u00dfchirurgie, Dr. Hans-Ulrich G\u00fcnther \u00fcbernommen, ein erfahrener Chirurg, der gemeinsam mit Oberarzt Dr. Lothar K\u00f6nig f\u00fcr die n\u00f6tige Kontinuit\u00e4t gesorgt hat.<\/p>\n<p>Weitere Informationen erhalten Sie \u00fcber das Sekretariat der Klinik f\u00fcr Gef\u00e4\u00dfchirurgie, unter der Telefon-Nummer: (0661) 84-5700.<\/p>\n<p>Bildunterschrift (v. links):<br \/>\nPriv.-Doz. Dr. Thomas Menzel, Dr. V. Zafirovski, Dr. P. Ligers, Priv.-Doz. Dr. Richard Kellersmann,  Dr. S. Svanidze, Dr. Hans-Ulrich G\u00fcnther, Andr\u00e9 Eydt<\/p>\n<p>Bild: Barbara Froese<\/p>\n","protected":false},"excerpt":{"rendered":"<div class=\"tmnf_excerpt\"><p>In der Gef\u00e4\u00dfchirurgie werden alle Erkrankungen der Arterien und Venen untersucht und behandelt. Mit Priv.-Doz. Dr. Richard Kellersmann \u00fcbernimmt nun ein deutschlandweit renommierter Experte die Fuldaer Abteilung. \u201eDamit st\u00e4rken wir unser Profil als Top-Krankenhaus und erweitern unser Spektrum in der Gef\u00e4\u00dfchirurgie\u201c, freut sich Priv.-Doz. Dr. Thomas Menzel, Vorstandssprecher des Klinikums Fulda. S\u00e4mtliche arterielle Gef\u00e4\u00dfrekonstruktionen, egal &hellip;<\/p>\n<\/div>","protected":false},"author":1,"featured_media":162687,"comment_status":"closed","ping_status":"closed","sticky":false,"template":"","format":"standard","meta":{"footnotes":""},"categories":[1],"tags":[],"class_list":["post-162684","post","type-post","status-publish","format-standard","has-post-thumbnail","hentry","category-startseite"],"_links":{"self":[{"href":"https:\/\/www.fuldaernachrichten.de\/index.php?rest_route=\/wp\/v2\/posts\/162684","targetHints":{"allow":["GET"]}}],"collection":[{"href":"https:\/\/www.fuldaernachrichten.de\/index.php?rest_route=\/wp\/v2\/posts"}],"about":[{"href":"https:\/\/www.fuldaernachrichten.de\/index.php?rest_route=\/wp\/v2\/types\/post"}],"author":[{"embeddable":true,"href":"https:\/\/www.fuldaernachrichten.de\/index.php?rest_route=\/wp\/v2\/users\/1"}],"replies":[{"embeddable":true,"href":"https:\/\/www.fuldaernachrichten.de\/index.php?rest_route=%2Fwp%2Fv2%2Fcomments&post=162684"}],"version-history":[{"count":1,"href":"https:\/\/www.fuldaernachrichten.de\/index.php?rest_route=\/wp\/v2\/posts\/162684\/revisions"}],"predecessor-version":[{"id":162688,"href":"https:\/\/www.fuldaernachrichten.de\/index.php?rest_route=\/wp\/v2\/posts\/162684\/revisions\/162688"}],"wp:featuredmedia":[{"embeddable":true,"href":"https:\/\/www.fuldaernachrichten.de\/index.php?rest_route=\/wp\/v2\/media\/162687"}],"wp:attachment":[{"href":"https:\/\/www.fuldaernachrichten.de\/index.php?rest_route=%2Fwp%2Fv2%2Fmedia&parent=162684"}],"wp:term":[{"taxonomy":"category","embeddable":true,"href":"https:\/\/www.fuldaernachrichten.de\/index.php?rest_route=%2Fwp%2Fv2%2Fcategories&post=162684"},{"taxonomy":"post_tag","embeddable":true,"href":"https:\/\/www.fuldaernachrichten.de\/index.php?rest_route=%2Fwp%2Fv2%2Ftags&post=162684"}],"curies":[{"name":"wp","href":"https:\/\/api.w.org\/{rel}","templated":true}]}}