{"id":162658,"date":"2017-05-03T20:07:53","date_gmt":"2017-05-03T18:07:53","guid":{"rendered":"http:\/\/www.fuldaer-nachrichten.de\/?p=162658"},"modified":"2017-05-03T20:07:53","modified_gmt":"2017-05-03T18:07:53","slug":"mehr-service-und-wohlfuehlcharakter-fuer-haus-der-schwarzen-berge-in-oberbach","status":"publish","type":"post","link":"https:\/\/www.fuldaernachrichten.de\/?p=162658","title":{"rendered":"Mehr Service und Wohlf\u00fchlcharakter f\u00fcr \u201eHaus der Schwarzen Berge\u201c in Oberbach"},"content":{"rendered":"<p>Aus dem derzeitigen Informationszentrum \u201eHaus der Schwarzen Berge\u201c in Oberbach wird zuk\u00fcnftig ein \u201eBiosph\u00e4ren-Zentrum\u201c. Derzeit beherbergt es nicht nur R\u00e4umlichkeiten f\u00fcr den Verein \u201eNaturpark und Biosph\u00e4renreservat Bayerische Rh\u00f6n e.V.\u201c, sondern auch den Hauptsitz der Rh\u00f6n GmbH. Hinzu kommen der \u201eRh\u00f6n-Laden\u201c, das \u201eRh\u00f6n-Caf\u00e9\u201c und ein \u201eRh\u00f6n-Shop\u201c. \u201eDas ist eine Menge Rh\u00f6n unter einem Dach, weil wir damit den Bezug zur Rh\u00f6n, zur Rh\u00f6n GmbH und zu den Rh\u00f6ner Produkten der Dachmarke Rh\u00f6n klar definieren k\u00f6nnen\u201c, sagt der Gesch\u00e4ftsf\u00fchrer der Rh\u00f6n GmbH, Thorn Pl\u00f6ger.<\/p>\n<p>Die Rh\u00f6n GmbH hat seit Anfang Februar dieses Jahres die einheitliche Vermarktung der Destination Rh\u00f6n \u00fcbernommen. Diese Neustrukturierung des Rh\u00f6n-Tourismus und die Zusammenf\u00fchrung von Tourismus, Dachmarke Rh\u00f6n und anderen Leistungstr\u00e4gern war das wichtigste Projekt, das die Regionale Arbeitsgemeinschaft (ARGE) Rh\u00f6n seit ihrem Bestehen auf den Weg gebracht hat. Die Zusammenf\u00fchrung der einzelnen touristischen Organisationen wird seitens der Rh\u00f6n GmbH dabei als Prozess gesehen.<\/p>\n<p>Der Landkreis Bad Kissingen ist gegenw\u00e4rtig dabei, einen betr\u00e4chtlichen Anteil am Gelingen der Verbesserung der touristischen Strukturen in der Rh\u00f6n zu leisten. Ein Schwerpunkt ist das derzeitige Informationszentrum \u201eHaus der Schwarzen Berge\u201c, dessen Eigent\u00fcmer der Landkreis seit kurzem ist. Er hat die Immobilie vom Markt Wildflecken erworben, um die seit langem geplanten Umbauma\u00dfnahmen in die Tat umsetzen zu k\u00f6nnen und die Kommune finanziell zu entlasten. Rund 22 000 G\u00e4ste besuchen pro Jahr das \u201eHaus der Schwarzen Berge\u201c, um sich einen \u00dcberblick \u00fcber die Rh\u00f6n zu verschaffen.<\/p>\n<p>Zun\u00e4chst wurden einige B\u00fcror\u00e4ume umgebaut, damit die Rh\u00f6n GmbH im \u201eHaus der Schwarzen Berge\u201c ihren Hauptsitz betreiben kann. In Zukunft soll das \u201eBiosph\u00e4ren-Zentrum\u201c verst\u00e4rkt Anlaufstelle f\u00fcr Informationen rund um den Tourismus sein und gleichzeitig zum noch gem\u00fctlicheren Verweilen einladen. Haupts\u00e4chlich soll ab Herbst eine energetische Sanierung des Geb\u00e4udes erfolgen, wovon auch Heizung und Sanit\u00e4ranlagen betroffen sind. Am Ende, betonte Bad Kissingens Landrat Thomas Bold, bedeute das Ganze ein Plus an Service und Wohlf\u00fchlcharakter. Die Kosten f\u00fcr die Umbauarbeiten werden sich auf rund 1,1 Millionen Euro belaufen, sagte er.<\/p>\n<p>Die Rh\u00f6n GmbH freue sich, im \u201eHaus der Schwarzen Berge\u201c als Partner gesehen zu werden, hob der Gesch\u00e4ftsf\u00fchrer der Rh\u00f6n GmbH, Thorn Pl\u00f6ger, hervor. Mit dem Verein \u201eNaturpark &#038; Biosph\u00e4renreservat Bayerische Rh\u00f6n e.V.\u201c gebe es ein kollegiales Miteinander. Gleichzeitig sagte Pl\u00f6ger, dass das neue \u201eBiosph\u00e4ren-Zentrum\u201c ein Aush\u00e4ngeschild f\u00fcr die Dachmarke Rh\u00f6n werden soll. Dies werde bereits jetzt mit den absolut regional ausgerichteten Angeboten des \u201eRh\u00f6n-Ladens\u201c und des \u201eRh\u00f6n-Caf\u00e9\u201c erreicht.<\/p>\n","protected":false},"excerpt":{"rendered":"<div class=\"tmnf_excerpt\"><p>Aus dem derzeitigen Informationszentrum \u201eHaus der Schwarzen Berge\u201c in Oberbach wird zuk\u00fcnftig ein \u201eBiosph\u00e4ren-Zentrum\u201c. Derzeit beherbergt es nicht nur R\u00e4umlichkeiten f\u00fcr den Verein \u201eNaturpark und Biosph\u00e4renreservat Bayerische Rh\u00f6n e.V.\u201c, sondern auch den Hauptsitz der Rh\u00f6n GmbH. Hinzu kommen der \u201eRh\u00f6n-Laden\u201c, das \u201eRh\u00f6n-Caf\u00e9\u201c und ein \u201eRh\u00f6n-Shop\u201c. \u201eDas ist eine Menge Rh\u00f6n unter einem Dach, weil wir &hellip;<\/p>\n<\/div>","protected":false},"author":1,"featured_media":162659,"comment_status":"closed","ping_status":"closed","sticky":false,"template":"","format":"standard","meta":{"footnotes":""},"categories":[1],"tags":[],"class_list":["post-162658","post","type-post","status-publish","format-standard","has-post-thumbnail","hentry","category-startseite"],"_links":{"self":[{"href":"https:\/\/www.fuldaernachrichten.de\/index.php?rest_route=\/wp\/v2\/posts\/162658","targetHints":{"allow":["GET"]}}],"collection":[{"href":"https:\/\/www.fuldaernachrichten.de\/index.php?rest_route=\/wp\/v2\/posts"}],"about":[{"href":"https:\/\/www.fuldaernachrichten.de\/index.php?rest_route=\/wp\/v2\/types\/post"}],"author":[{"embeddable":true,"href":"https:\/\/www.fuldaernachrichten.de\/index.php?rest_route=\/wp\/v2\/users\/1"}],"replies":[{"embeddable":true,"href":"https:\/\/www.fuldaernachrichten.de\/index.php?rest_route=%2Fwp%2Fv2%2Fcomments&post=162658"}],"version-history":[{"count":1,"href":"https:\/\/www.fuldaernachrichten.de\/index.php?rest_route=\/wp\/v2\/posts\/162658\/revisions"}],"predecessor-version":[{"id":162660,"href":"https:\/\/www.fuldaernachrichten.de\/index.php?rest_route=\/wp\/v2\/posts\/162658\/revisions\/162660"}],"wp:featuredmedia":[{"embeddable":true,"href":"https:\/\/www.fuldaernachrichten.de\/index.php?rest_route=\/wp\/v2\/media\/162659"}],"wp:attachment":[{"href":"https:\/\/www.fuldaernachrichten.de\/index.php?rest_route=%2Fwp%2Fv2%2Fmedia&parent=162658"}],"wp:term":[{"taxonomy":"category","embeddable":true,"href":"https:\/\/www.fuldaernachrichten.de\/index.php?rest_route=%2Fwp%2Fv2%2Fcategories&post=162658"},{"taxonomy":"post_tag","embeddable":true,"href":"https:\/\/www.fuldaernachrichten.de\/index.php?rest_route=%2Fwp%2Fv2%2Ftags&post=162658"}],"curies":[{"name":"wp","href":"https:\/\/api.w.org\/{rel}","templated":true}]}}