{"id":16265,"date":"2008-12-11T08:00:31","date_gmt":"2008-12-11T07:00:31","guid":{"rendered":"http:\/\/www.schoene-nachrichten.de\/?p=16265"},"modified":"2008-12-11T08:13:11","modified_gmt":"2008-12-11T07:13:11","slug":"herzlich-willkommen-in-grossenlueder","status":"publish","type":"post","link":"https:\/\/www.fuldaernachrichten.de\/?p=16265","title":{"rendered":"&#8220;Herzlich Willkommen in Gro\u00dfenl\u00fcder&#8221;"},"content":{"rendered":"<p><a rel=\"lightbox[roadtrip]\" href=\"http:\/\/www.schoene-nachrichten.de\/wp-content\/uploads\/2008\/12\/081210-begruessungsgeld3.jpg\" target=\"_blank\"><img decoding=\"async\" class=\"alignnone size-medium wp-image-16268\" title=\"081210-begruessungsgeld3\" src=\"http:\/\/www.schoene-nachrichten.de\/wp-content\/uploads\/2008\/12\/081210-begruessungsgeld3.jpg\" alt=\"\" width=\"560\" srcset=\"https:\/\/www.fuldaernachrichten.de\/wp-content\/uploads\/2008\/12\/081210-begruessungsgeld3.jpg 1721w, https:\/\/www.fuldaernachrichten.de\/wp-content\/uploads\/2008\/12\/081210-begruessungsgeld3-265x92.jpg 265w\" sizes=\"(max-width: 1721px) 100vw, 1721px\" \/><\/a><\/p>\n<p><strong>Gro\u00dfenl\u00fcder. <\/strong>\u201eDas ist die sch\u00f6nste Aufgabe, die das B\u00fcrgermeisteramt mit sich bringt\u201c begr\u00fc\u00dfte B\u00fcrgermeisterin Silvia Hillenbrand gemeinsam mit den Ortsvorstehern die jungen Eltern mit ihren Babys im L\u00fcderhaus und gab den Eltern die Worte des Philosophen Martin Buber mit an die Hand: \u201eMit jedem Menschen ist etwas Neues in die Welt gesetzt, das es noch nicht gegeben hat, etwas Erstes und Einziges.\u201c<\/p>\n<p><strong>Fotos (3):<\/strong> Gemeinde Gro\u00dfenl\u00fcder<\/p>\n<p><a rel=\"lightbox[roadtrip]\" href=\"http:\/\/www.schoene-nachrichten.de\/wp-content\/uploads\/2008\/12\/081210-begruessungsgeld1.jpg\" target=\"_blank\"><img fetchpriority=\"high\" decoding=\"async\" class=\"alignnone size-thumbnail wp-image-16266\" title=\"081210-begruessungsgeld1\" src=\"http:\/\/www.schoene-nachrichten.de\/wp-content\/uploads\/2008\/12\/081210-begruessungsgeld1-265x198.jpg\" alt=\"\" width=\"265\" height=\"198\" srcset=\"https:\/\/www.fuldaernachrichten.de\/wp-content\/uploads\/2008\/12\/081210-begruessungsgeld1-265x198.jpg 265w, https:\/\/www.fuldaernachrichten.de\/wp-content\/uploads\/2008\/12\/081210-begruessungsgeld1.jpg 600w\" sizes=\"(max-width: 265px) 100vw, 265px\" \/><\/a> <a rel=\"lightbox[roadtrip]\" href=\"http:\/\/www.schoene-nachrichten.de\/wp-content\/uploads\/2008\/12\/081210-begruessungsgeld2.jpg\" target=\"_blank\"><img decoding=\"async\" class=\"alignnone size-thumbnail wp-image-16267\" title=\"081210-begruessungsgeld2\" src=\"http:\/\/www.schoene-nachrichten.de\/wp-content\/uploads\/2008\/12\/081210-begruessungsgeld2-265x204.jpg\" alt=\"\" width=\"265\" height=\"204\" srcset=\"https:\/\/www.fuldaernachrichten.de\/wp-content\/uploads\/2008\/12\/081210-begruessungsgeld2-265x204.jpg 265w, https:\/\/www.fuldaernachrichten.de\/wp-content\/uploads\/2008\/12\/081210-begruessungsgeld2.jpg 600w\" sizes=\"(max-width: 265px) 100vw, 265px\" \/><\/a><!--more--><\/p>\n<p><strong>&#8220;Kinder sind in Gro\u00dfenl\u00fcder erw\u00fcnscht&#8221;<\/strong><\/p>\n<p>Bereits zum vierten Mal, seit Januar 2007, hatte die Gemeinde Gro\u00dfenl\u00fcder eingeladen, um alle Neugeborenen der Gemeinde Gro\u00dfenl\u00fcder willkommen zu hei\u00dfen. Das Geldgeschenk in H\u00f6he von 200 \u00e2\u201a\u00ac, das die jungen Familien dabei erhalten, sei eine Geste um zu zeigen \u201eKinder sind in Gro\u00dfenl\u00fcder erw\u00fcnscht\u201c, so B\u00fcrgermeisterin Hillenbrand. In den vergangenen Jahren habe sich Gro\u00dfenl\u00fcder immer mehr zur kinder- und familienfreundlichen Gemeinde entwickelt und daf\u00fcr entsprechende Rahmenbedingungen geschaffen, wie z.B. qualitativ hochwertige Kinderbetreuung mit g\u00fcnstigen Kindergartengeb\u00fchren und Mittagsversorgung, die Betreuung von Zweij\u00e4hrigen, ein Zuschuss zur Tagespflege und ein Kinderbonus beim Kauf von Baugrundst\u00fccken.<\/p>\n<p>Mit dem \u201eJa\u201c zum Kind werde das Leben der Eltern zwar total umgekrempelt, das Gl\u00fccksgef\u00fchl dabei \u00fcberwiege jedoch bei weitem. Die Gemeinde Gro\u00dfenl\u00fcder sei gl\u00fccklich \u00fcber die Entscheidung der Eltern f\u00fcr ihr Kind, denn auch in Gro\u00dfenl\u00fcder seien die Geburtenzahlen r\u00fcckl\u00e4ufig. Mit der Schaffung kinder- und familienfreundlicher Bedingungen soll erreicht werden, dass sich Kinder und Familien in Gro\u00dfenl\u00fcder wohl f\u00fchlen und hier leben wollen.<strong><br \/>\n<\/strong><\/p>\n<p><strong>Firmenbeteiligung gro\u00df<\/strong><br \/>\nAn der Willkommensaktion f\u00fcr Neugeborene haben sich wie bereits in den vergangenen Jahren verschiedene Gro\u00dfenl\u00fcderer Firmen beteiligt: REWE-Markt Gro\u00dfenl\u00fcder, Rehnert Moden Gro\u00dfenl\u00fcder, Haushaltswaren Adam Josef Br\u00e4hler Gro\u00dfenl\u00fcder, die den jungen Familien ebenfalls ein Begr\u00fc\u00dfungsgeschenk \u00fcberreichten.<\/p>\n<p>Die B\u00fcrgermeisterin schloss ihre Gl\u00fcckw\u00fcnsche mit einem Zitat von Goethe \u201eZwei Dinge sollen Kinder von ihren Eltern bekommen: Wurzeln und Fl\u00fcgel!\u201c<\/p>\n","protected":false},"excerpt":{"rendered":"<div class=\"tmnf_excerpt\"><p>Gro\u00dfenl\u00fcder. \u201eDas ist die sch\u00f6nste Aufgabe, die das B\u00fcrgermeisteramt mit sich bringt\u201c begr\u00fc\u00dfte B\u00fcrgermeisterin Silvia Hillenbrand gemeinsam mit den Ortsvorstehern die jungen Eltern mit ihren Babys im L\u00fcderhaus und gab den Eltern die Worte des Philosophen Martin Buber mit an die Hand: \u201eMit jedem Menschen ist etwas Neues in die Welt gesetzt, das es noch &hellip;<\/p>\n<\/div>","protected":false},"author":1,"featured_media":0,"comment_status":"closed","ping_status":"closed","sticky":false,"template":"","format":"standard","meta":{"footnotes":""},"categories":[1,72],"tags":[],"class_list":["post-16265","post","type-post","status-publish","format-standard","hentry","category-startseite","category-jugend"],"_links":{"self":[{"href":"https:\/\/www.fuldaernachrichten.de\/index.php?rest_route=\/wp\/v2\/posts\/16265","targetHints":{"allow":["GET"]}}],"collection":[{"href":"https:\/\/www.fuldaernachrichten.de\/index.php?rest_route=\/wp\/v2\/posts"}],"about":[{"href":"https:\/\/www.fuldaernachrichten.de\/index.php?rest_route=\/wp\/v2\/types\/post"}],"author":[{"embeddable":true,"href":"https:\/\/www.fuldaernachrichten.de\/index.php?rest_route=\/wp\/v2\/users\/1"}],"replies":[{"embeddable":true,"href":"https:\/\/www.fuldaernachrichten.de\/index.php?rest_route=%2Fwp%2Fv2%2Fcomments&post=16265"}],"version-history":[{"count":6,"href":"https:\/\/www.fuldaernachrichten.de\/index.php?rest_route=\/wp\/v2\/posts\/16265\/revisions"}],"predecessor-version":[{"id":16320,"href":"https:\/\/www.fuldaernachrichten.de\/index.php?rest_route=\/wp\/v2\/posts\/16265\/revisions\/16320"}],"wp:attachment":[{"href":"https:\/\/www.fuldaernachrichten.de\/index.php?rest_route=%2Fwp%2Fv2%2Fmedia&parent=16265"}],"wp:term":[{"taxonomy":"category","embeddable":true,"href":"https:\/\/www.fuldaernachrichten.de\/index.php?rest_route=%2Fwp%2Fv2%2Fcategories&post=16265"},{"taxonomy":"post_tag","embeddable":true,"href":"https:\/\/www.fuldaernachrichten.de\/index.php?rest_route=%2Fwp%2Fv2%2Ftags&post=16265"}],"curies":[{"name":"wp","href":"https:\/\/api.w.org\/{rel}","templated":true}]}}