{"id":162643,"date":"2017-05-02T16:12:37","date_gmt":"2017-05-02T14:12:37","guid":{"rendered":"http:\/\/www.fuldaer-nachrichten.de\/?p=162643"},"modified":"2017-05-02T16:12:37","modified_gmt":"2017-05-02T14:12:37","slug":"jumo-auf-der-hannover-messe-2017","status":"publish","type":"post","link":"https:\/\/www.fuldaernachrichten.de\/?p=162643","title":{"rendered":"JUMO auf der Hannover Messe 2017"},"content":{"rendered":"<p><a href=\"http:\/\/www.fuldaer-nachrichten.de\/wp-content\/uploads\/2017\/05\/JUMO_PI_Hannover_2017_2.jpg\"><img decoding=\"async\" src=\"http:\/\/www.fuldaer-nachrichten.de\/wp-content\/uploads\/2017\/05\/JUMO_PI_Hannover_2017_2-265x149.jpg\" alt=\"\" width=\"265\" height=\"149\" class=\"alignleft size-thumbnail wp-image-162651\" srcset=\"https:\/\/www.fuldaernachrichten.de\/wp-content\/uploads\/2017\/05\/JUMO_PI_Hannover_2017_2-265x149.jpg 265w, https:\/\/www.fuldaernachrichten.de\/wp-content\/uploads\/2017\/05\/JUMO_PI_Hannover_2017_2-768x431.jpg 768w, https:\/\/www.fuldaernachrichten.de\/wp-content\/uploads\/2017\/05\/JUMO_PI_Hannover_2017_2-600x337.jpg 600w, https:\/\/www.fuldaernachrichten.de\/wp-content\/uploads\/2017\/05\/JUMO_PI_Hannover_2017_2.jpg 900w\" sizes=\"(max-width: 265px) 100vw, 265px\" \/><\/a>Die Hannover Messe feierte in diesem Jahr ihren 70. Geburtstag. Die Fuldaer JUMO GmbH &#038; Co. KG ist bereits seit 68 Jahren mit dabei und pr\u00e4sentierte auf einer Standfl\u00e4che von \u00fcber 160 Quadratmetern innovative Produkte aus dem Bereich der industriellen Mess-, Regel- und Automatisierungstechnik.<\/p>\n<p>\u201eDie Hannover Messe ist nach wie vor die bedeutendste Plattform, um neue Kunden zu gewinnen und bestehende zu betreuen. Vor allen Dingen f\u00fcr internationale Kontakte gibt es keine bessere Adresse\u201c, betont JUMO-Marketingleiter Michael Diegelmann.<\/p>\n<p>JUMO entwickelt sich in den letzten Jahren konsequent von einem reinen Komponenten- zu einem L\u00f6sungsanbieter. Das hei\u00dft, Kunden erhalten nicht nur Sensoren oder Regler, sondern Komplettpakete aus Produkten und Dienstleistungen bis hin zum kompletten Projektmanagement. Dieses neue Konzept wurde mit zahlreichen konkreten Anwendungsbeispielen am Stand auf der Hannover Messe pr\u00e4sentiert.<\/p>\n<p>\u201eOptischer H\u00f6hepunkt war diesmal  eine Videowand, mit der wir auf einer Fl\u00e4che von 10 Quadratmetern erstmals Besucher weit sichtbar \u00fcber unser Produktportfolio und unsere Neuheiten informiert haben\u201c, erl\u00e4utert Michael Diegelmann. Besonders gut seien auch wieder die Guided Technology Tours der Messegesellschaft angenommen worden, in deren Rahmen \u00fcber Hundert internationale G\u00e4ste JUMO besucht haben. Beeindruckend sei auch, dass die Messe generell  immer internationaler wird und JUMO in f\u00fcnf Tagen fast die ganze Welt zu Gast hatte.<\/p>\n<p>\u201eEine besonders sch\u00f6ne \u00dcberraschung war der Besuch von Landrat Bernd Woide, B\u00fcrgermeister Dag Wehner und Regionalmanager Christoph Burkard an unserem Stand. Die Herren hatten einen anderen Termin auf der Messe und haben spontan bei JUMO vorbeigeschaut, um sich von Bernhard Juchheim unsere Neuheiten zeigen lassen\u201c, so Michael Diegelmann.<\/p>\n","protected":false},"excerpt":{"rendered":"<div class=\"tmnf_excerpt\"><p>Die Hannover Messe feierte in diesem Jahr ihren 70. Geburtstag. Die Fuldaer JUMO GmbH &#038; Co. KG ist bereits seit 68 Jahren mit dabei und pr\u00e4sentierte auf einer Standfl\u00e4che von \u00fcber 160 Quadratmetern innovative Produkte aus dem Bereich der industriellen Mess-, Regel- und Automatisierungstechnik. \u201eDie Hannover Messe ist nach wie vor die bedeutendste Plattform, um &hellip;<\/p>\n<\/div>","protected":false},"author":1,"featured_media":162650,"comment_status":"closed","ping_status":"closed","sticky":false,"template":"","format":"standard","meta":{"footnotes":""},"categories":[1],"tags":[],"class_list":["post-162643","post","type-post","status-publish","format-standard","has-post-thumbnail","hentry","category-startseite"],"_links":{"self":[{"href":"https:\/\/www.fuldaernachrichten.de\/index.php?rest_route=\/wp\/v2\/posts\/162643","targetHints":{"allow":["GET"]}}],"collection":[{"href":"https:\/\/www.fuldaernachrichten.de\/index.php?rest_route=\/wp\/v2\/posts"}],"about":[{"href":"https:\/\/www.fuldaernachrichten.de\/index.php?rest_route=\/wp\/v2\/types\/post"}],"author":[{"embeddable":true,"href":"https:\/\/www.fuldaernachrichten.de\/index.php?rest_route=\/wp\/v2\/users\/1"}],"replies":[{"embeddable":true,"href":"https:\/\/www.fuldaernachrichten.de\/index.php?rest_route=%2Fwp%2Fv2%2Fcomments&post=162643"}],"version-history":[{"count":1,"href":"https:\/\/www.fuldaernachrichten.de\/index.php?rest_route=\/wp\/v2\/posts\/162643\/revisions"}],"predecessor-version":[{"id":162653,"href":"https:\/\/www.fuldaernachrichten.de\/index.php?rest_route=\/wp\/v2\/posts\/162643\/revisions\/162653"}],"wp:featuredmedia":[{"embeddable":true,"href":"https:\/\/www.fuldaernachrichten.de\/index.php?rest_route=\/wp\/v2\/media\/162650"}],"wp:attachment":[{"href":"https:\/\/www.fuldaernachrichten.de\/index.php?rest_route=%2Fwp%2Fv2%2Fmedia&parent=162643"}],"wp:term":[{"taxonomy":"category","embeddable":true,"href":"https:\/\/www.fuldaernachrichten.de\/index.php?rest_route=%2Fwp%2Fv2%2Fcategories&post=162643"},{"taxonomy":"post_tag","embeddable":true,"href":"https:\/\/www.fuldaernachrichten.de\/index.php?rest_route=%2Fwp%2Fv2%2Ftags&post=162643"}],"curies":[{"name":"wp","href":"https:\/\/api.w.org\/{rel}","templated":true}]}}