{"id":162637,"date":"2017-05-02T16:02:22","date_gmt":"2017-05-02T14:02:22","guid":{"rendered":"http:\/\/www.fuldaer-nachrichten.de\/?p=162637"},"modified":"2017-05-02T16:02:22","modified_gmt":"2017-05-02T14:02:22","slug":"meine-werbung-auf-dem-pruefstand-infoveranstaltung-urlaub-auf-dem-bauernhof","status":"publish","type":"post","link":"https:\/\/www.fuldaernachrichten.de\/?p=162637","title":{"rendered":"Meine Werbung auf dem Pr\u00fcfstand \u2013 Infoveranstaltung Urlaub auf dem Bauernhof"},"content":{"rendered":"<p>Der Verein Natur- und Lebensraum Rh\u00f6n e.V., F\u00f6rderverein des Biosph\u00e4renreservates, veranstaltet in Kooperation mit dem Regionalforum Fulda-S\u00fcdwest und dem Landkreis Fulda einen \u201eRunden Tisch\u201c zum Thema wirksame Werbung f\u00fcr Anbieter von Urlaub auf dem Bauernhof.<\/p>\n<p>Diese Infoveranstaltung richtet sich an etablierte Anbieter und Neueinsteiger im Urlaubssegment Urlaub auf dem Bauernhof. Sie findet am 16. Mai 2017 um 20.00 Uhr im Medienraum des Biosph\u00e4renreservats im Groenhoffhaus, Wasserkuppe 8, 36129 Gersfeld statt. Die Teilnehmer erwartet ein spannender Austausch zu vielf\u00e4ltigen Themen des Marketings. Unter anderem wird \u00fcber die Wirksamkeit verschiedener Werbemittel, die Pr\u00e4sentation im Internet (Facebook, Instagram und Co.), die Darstellung des Betriebes in Faltbl\u00e4ttern und Brosch\u00fcren und vieles mehr informiert. Referentin ist Martina Kl\u00fcber-Wiebelitz, vom B\u00fcro antsanvia. Die Veranstaltung ist kostenlos.<\/p>\n<p>Der Verein ruft alle, die eine \u00dcbernachtungsm\u00f6glichkeit auf ihrem Bauernhof in der hessischen Rh\u00f6n anbieten oder an einer wirtschaftlichen Alternative f\u00fcr ihren Hof interessiert sind, auf, an der Infoveranstaltung teilzunehmen. Interessenten werden gebeten, sich bei Antje Voll, Regionalmanagerin des VNLR, unter Tel. 06654-9612-0, anzumelden. <\/p>\n","protected":false},"excerpt":{"rendered":"<div class=\"tmnf_excerpt\"><p>Der Verein Natur- und Lebensraum Rh\u00f6n e.V., F\u00f6rderverein des Biosph\u00e4renreservates, veranstaltet in Kooperation mit dem Regionalforum Fulda-S\u00fcdwest und dem Landkreis Fulda einen \u201eRunden Tisch\u201c zum Thema wirksame Werbung f\u00fcr Anbieter von Urlaub auf dem Bauernhof. Diese Infoveranstaltung richtet sich an etablierte Anbieter und Neueinsteiger im Urlaubssegment Urlaub auf dem Bauernhof. Sie findet am 16. Mai &hellip;<\/p>\n<\/div>","protected":false},"author":1,"featured_media":0,"comment_status":"closed","ping_status":"closed","sticky":false,"template":"","format":"standard","meta":{"footnotes":""},"categories":[1],"tags":[],"class_list":["post-162637","post","type-post","status-publish","format-standard","hentry","category-startseite"],"_links":{"self":[{"href":"https:\/\/www.fuldaernachrichten.de\/index.php?rest_route=\/wp\/v2\/posts\/162637","targetHints":{"allow":["GET"]}}],"collection":[{"href":"https:\/\/www.fuldaernachrichten.de\/index.php?rest_route=\/wp\/v2\/posts"}],"about":[{"href":"https:\/\/www.fuldaernachrichten.de\/index.php?rest_route=\/wp\/v2\/types\/post"}],"author":[{"embeddable":true,"href":"https:\/\/www.fuldaernachrichten.de\/index.php?rest_route=\/wp\/v2\/users\/1"}],"replies":[{"embeddable":true,"href":"https:\/\/www.fuldaernachrichten.de\/index.php?rest_route=%2Fwp%2Fv2%2Fcomments&post=162637"}],"version-history":[{"count":1,"href":"https:\/\/www.fuldaernachrichten.de\/index.php?rest_route=\/wp\/v2\/posts\/162637\/revisions"}],"predecessor-version":[{"id":162642,"href":"https:\/\/www.fuldaernachrichten.de\/index.php?rest_route=\/wp\/v2\/posts\/162637\/revisions\/162642"}],"wp:attachment":[{"href":"https:\/\/www.fuldaernachrichten.de\/index.php?rest_route=%2Fwp%2Fv2%2Fmedia&parent=162637"}],"wp:term":[{"taxonomy":"category","embeddable":true,"href":"https:\/\/www.fuldaernachrichten.de\/index.php?rest_route=%2Fwp%2Fv2%2Fcategories&post=162637"},{"taxonomy":"post_tag","embeddable":true,"href":"https:\/\/www.fuldaernachrichten.de\/index.php?rest_route=%2Fwp%2Fv2%2Ftags&post=162637"}],"curies":[{"name":"wp","href":"https:\/\/api.w.org\/{rel}","templated":true}]}}