{"id":162618,"date":"2017-05-02T15:58:25","date_gmt":"2017-05-02T13:58:25","guid":{"rendered":"http:\/\/www.fuldaer-nachrichten.de\/?p=162618"},"modified":"2017-05-02T15:58:25","modified_gmt":"2017-05-02T13:58:25","slug":"informationsveranstaltung-fuer-gastgeber-der-touristischen-arbeitsgemeinschaft-die-rhoener","status":"publish","type":"post","link":"https:\/\/www.fuldaernachrichten.de\/?p=162618","title":{"rendered":"Informationsveranstaltung f\u00fcr Gastgeber der Touristischen Arbeitsgemeinschaft \u201eDie Rh\u00f6ner\u201c"},"content":{"rendered":"<p>Die passenden Marketingma\u00dfnahmen und \u2013Wege zur Vermarktung einer Ferienwohnung oder Pension zu finden, f\u00e4llt besonders privaten Vermietern aufgrund der F\u00fclle an angebotenen Internetplattformen nicht immer leicht. Um Hilfestellung bei den strategischen Entscheidungen zu geben, lud die Touristische Arbeitsgemeinschaft (TAG) \u201eDie Rh\u00f6ner\u201c die Gastgeber der Mitgliedskommunen Ehrenberg, Gersfeld, Hilders, Hofbieber, Poppenhausen und Tann k\u00fcrzlich zu einer Informationsveranstaltung in die Stadthalle Gersfeld ein. Hier wurde vorrangig Rh\u00f6ner Internetportalen die M\u00f6glichkeit geboten, sich entsprechend positiv zu pr\u00e4sentieren und die Fragen der etwa 40 angereisten Vermieter und Hoteliers \u00fcber Preise und Leistungen zu beantworten. Der Sprecher der TAG, Klaus-Dieter Eckstein aus Hofbieber, freute sich deshalb besonders Herrn Dehler und Herrn J\u00f6kel als Betreiber der Plattform \u201erhoenfuehrer.de\u201c, Herrn Dietrich als Betreiber der Plattform \u201erhoentravel.de\u201c sowie Frau Rother als Vertreterin f\u00fcr die neu gegr\u00fcndete Rh\u00f6n-GmbH und somit Betreiber der Plattform \u201eRhoen.de\u201c als G\u00e4ste begr\u00fc\u00dfen zu d\u00fcrfen. Die mit viel Herzblut und Lokalkolorit vorgetragenen Darstellungen der drei einheimischen Internetportale wurden interessiert verfolgt, so dass sicherlich jeder der Anwesenden einen Mehrwert f\u00fcr seinen \u00dcbernachtungsbetrieb mit nach Hause nehmen konnte und vielleicht schon die eine oder andere neue Gesch\u00e4ftsbeziehung gekn\u00fcpft wurde.<\/p>\n<p>Die Seminare der TAG \u201eDie Rh\u00f6ner\u201c werden seit einigen Jahren f\u00fcr ihre Gastgeber zu verschiedenen aktuellen Themen durchgef\u00fchrt. Eine Teilnahme ist stets kostenfrei und alle Veranstaltungskosten werden durch die TAG getragen.<\/p>\n","protected":false},"excerpt":{"rendered":"<div class=\"tmnf_excerpt\"><p>Die passenden Marketingma\u00dfnahmen und \u2013Wege zur Vermarktung einer Ferienwohnung oder Pension zu finden, f\u00e4llt besonders privaten Vermietern aufgrund der F\u00fclle an angebotenen Internetplattformen nicht immer leicht. Um Hilfestellung bei den strategischen Entscheidungen zu geben, lud die Touristische Arbeitsgemeinschaft (TAG) \u201eDie Rh\u00f6ner\u201c die Gastgeber der Mitgliedskommunen Ehrenberg, Gersfeld, Hilders, Hofbieber, Poppenhausen und Tann k\u00fcrzlich zu einer &hellip;<\/p>\n<\/div>","protected":false},"author":1,"featured_media":0,"comment_status":"closed","ping_status":"closed","sticky":false,"template":"","format":"standard","meta":{"footnotes":""},"categories":[1],"tags":[],"class_list":["post-162618","post","type-post","status-publish","format-standard","hentry","category-startseite"],"_links":{"self":[{"href":"https:\/\/www.fuldaernachrichten.de\/index.php?rest_route=\/wp\/v2\/posts\/162618","targetHints":{"allow":["GET"]}}],"collection":[{"href":"https:\/\/www.fuldaernachrichten.de\/index.php?rest_route=\/wp\/v2\/posts"}],"about":[{"href":"https:\/\/www.fuldaernachrichten.de\/index.php?rest_route=\/wp\/v2\/types\/post"}],"author":[{"embeddable":true,"href":"https:\/\/www.fuldaernachrichten.de\/index.php?rest_route=\/wp\/v2\/users\/1"}],"replies":[{"embeddable":true,"href":"https:\/\/www.fuldaernachrichten.de\/index.php?rest_route=%2Fwp%2Fv2%2Fcomments&post=162618"}],"version-history":[{"count":1,"href":"https:\/\/www.fuldaernachrichten.de\/index.php?rest_route=\/wp\/v2\/posts\/162618\/revisions"}],"predecessor-version":[{"id":162625,"href":"https:\/\/www.fuldaernachrichten.de\/index.php?rest_route=\/wp\/v2\/posts\/162618\/revisions\/162625"}],"wp:attachment":[{"href":"https:\/\/www.fuldaernachrichten.de\/index.php?rest_route=%2Fwp%2Fv2%2Fmedia&parent=162618"}],"wp:term":[{"taxonomy":"category","embeddable":true,"href":"https:\/\/www.fuldaernachrichten.de\/index.php?rest_route=%2Fwp%2Fv2%2Fcategories&post=162618"},{"taxonomy":"post_tag","embeddable":true,"href":"https:\/\/www.fuldaernachrichten.de\/index.php?rest_route=%2Fwp%2Fv2%2Ftags&post=162618"}],"curies":[{"name":"wp","href":"https:\/\/api.w.org\/{rel}","templated":true}]}}