{"id":162590,"date":"2017-05-01T20:13:34","date_gmt":"2017-05-01T18:13:34","guid":{"rendered":"http:\/\/www.fuldaer-nachrichten.de\/?p=162590"},"modified":"2017-05-01T20:13:34","modified_gmt":"2017-05-01T18:13:34","slug":"am-13-mai-im-palais-altenstein-und-am-schlossgartenteich-buntes-programm-zur-tag-der-staedtebaufoerderung","status":"publish","type":"post","link":"https:\/\/www.fuldaernachrichten.de\/?p=162590","title":{"rendered":"Am 13. Mai im Palais Altenstein und am Schlossgartenteich &#8211; Buntes Programm zur Tag der St\u00e4dtebauf\u00f6rderung"},"content":{"rendered":"<p>St\u00e4dtebauf\u00f6rderung \u2013 ein sperriges Wort, hinter dem sich viele einzelne Ma\u00dfnahmen verbergen, durch welche die Stadt Fulda in den vergangenen 45 Jahren immer lebenswerter geworden ist. Am Samstag, 13. Mai, ist bundesweit der \u201eTag der St\u00e4dtebauf\u00f6rderung\u201c, und die Stadtverwaltung nutzt diesen Anlass, um den Fuldaerinnen und Fuldaern zu zeigen, wo die F\u00f6rdergelder in ihrer Stadt verwendet wurden. Vorgestellt werden von 15 bis 18 Uhr zwei der aktuellsten F\u00f6rderprojekte aus den vergangenen Jahren: das Palais Altenstein und der Schlossgartenteich.<\/p>\n<p>Aus insgesamt vier verschiedenen F\u00f6rderprogrammen hat die Stadt Fulda seit 1972 in jedem Jahr F\u00f6rdergelder erhalten. Die daraus finanzierten Projekte sind zahlreich: die Sanierung Westliche Innenstadt und Ortskern Horas, die Sanierungsma\u00dfnahme Vonderau-Museum, die Soziale Stadt Aschenberg und Ostend\/Ziehers S\u00fcd, das Programm Stadtumbau S\u00fcdliche Innenstadt und Langebr\u00fcckenstra\u00dfe\/Hinterburg und das Programm Aktive Kernbereiche Kernstadt Fulda, aus dem die beiden am 13. Mai pr\u00e4sentierten Projekte finanziert wurden. Aktuell in der Vorbereitung befindet sich die Sanierung des Schlossturms. Knapp70 Millionen Euro an F\u00f6rdergeldern sind in diesen 45 Jahren daf\u00fcr aufgewendet worden, daran haben sich der Bund und das Land Hessen mit 42 Millionen Euro beteiligt. Alle Ma\u00dfnahmen in der St\u00e4dtebauf\u00f6rderung werden n\u00e4mlich jeweils zu einem Drittel vom Bund, zu einem Drittel vom Land und zu einem Drittel von der Stadt finanziert.<\/p>\n<p>Die Sanierung des Palais Altenstein gegen\u00fcber dem Stadtschloss wurde erst Ende vergangenen Jahres abgeschlossen. Jetzt ist das denkmalgesch\u00fctzte Geb\u00e4ude auf dem modernen energetischen Stand und ist durch einen Aufzug nun auch barrierefrei. Genutzt wird es als Verwaltungsgeb\u00e4ude und f\u00fcr Veranstaltungen. Am 13. Mai wird es dort zwei F\u00fchrungen f\u00fcr historisch Interessierte geben, und auch f\u00fcr das leibliche Wohl ist gesorgt. Rund um den Schlossgartenteich findet ein buntes Programm f\u00fcr Jung und Alt statt, mit Live-Musik von dem United Brass&amp;Rock Ensemble, einem Spielezelt sowie Essen und Trinken. Bei regelm\u00e4\u00dfigen F\u00fchrungen erfahren Interessierten beispielsweise, warum man die Enten nicht f\u00fcttern sollte und wie die neue Technik im Teich funktioniert.<\/p>\n<p>Alle Fuldaer B\u00fcrgerinnen und B\u00fcrger sind herzlich eingeladen, der Eintritt ist kostenlos. Die Er\u00f6ffnung zum Tag der \u201eSt\u00e4dtebauf\u00f6rderung\u201c findet am 13. Mai um 15 Uhr am Schlossgartenteich statt, das Rahmenprogramm l\u00e4uft bis 18 Uhr.<\/p>\n","protected":false},"excerpt":{"rendered":"<div class=\"tmnf_excerpt\"><p>St\u00e4dtebauf\u00f6rderung \u2013 ein sperriges Wort, hinter dem sich viele einzelne Ma\u00dfnahmen verbergen, durch welche die Stadt Fulda in den vergangenen 45 Jahren immer lebenswerter geworden ist. Am Samstag, 13. Mai, ist bundesweit der \u201eTag der St\u00e4dtebauf\u00f6rderung\u201c, und die Stadtverwaltung nutzt diesen Anlass, um den Fuldaerinnen und Fuldaern zu zeigen, wo die F\u00f6rdergelder in ihrer Stadt &hellip;<\/p>\n<\/div>","protected":false},"author":1,"featured_media":162597,"comment_status":"closed","ping_status":"closed","sticky":false,"template":"","format":"gallery","meta":{"footnotes":""},"categories":[1],"tags":[],"class_list":["post-162590","post","type-post","status-publish","format-gallery","has-post-thumbnail","hentry","category-startseite","post_format-post-format-gallery"],"_links":{"self":[{"href":"https:\/\/www.fuldaernachrichten.de\/index.php?rest_route=\/wp\/v2\/posts\/162590","targetHints":{"allow":["GET"]}}],"collection":[{"href":"https:\/\/www.fuldaernachrichten.de\/index.php?rest_route=\/wp\/v2\/posts"}],"about":[{"href":"https:\/\/www.fuldaernachrichten.de\/index.php?rest_route=\/wp\/v2\/types\/post"}],"author":[{"embeddable":true,"href":"https:\/\/www.fuldaernachrichten.de\/index.php?rest_route=\/wp\/v2\/users\/1"}],"replies":[{"embeddable":true,"href":"https:\/\/www.fuldaernachrichten.de\/index.php?rest_route=%2Fwp%2Fv2%2Fcomments&post=162590"}],"version-history":[{"count":1,"href":"https:\/\/www.fuldaernachrichten.de\/index.php?rest_route=\/wp\/v2\/posts\/162590\/revisions"}],"predecessor-version":[{"id":162605,"href":"https:\/\/www.fuldaernachrichten.de\/index.php?rest_route=\/wp\/v2\/posts\/162590\/revisions\/162605"}],"wp:featuredmedia":[{"embeddable":true,"href":"https:\/\/www.fuldaernachrichten.de\/index.php?rest_route=\/wp\/v2\/media\/162597"}],"wp:attachment":[{"href":"https:\/\/www.fuldaernachrichten.de\/index.php?rest_route=%2Fwp%2Fv2%2Fmedia&parent=162590"}],"wp:term":[{"taxonomy":"category","embeddable":true,"href":"https:\/\/www.fuldaernachrichten.de\/index.php?rest_route=%2Fwp%2Fv2%2Fcategories&post=162590"},{"taxonomy":"post_tag","embeddable":true,"href":"https:\/\/www.fuldaernachrichten.de\/index.php?rest_route=%2Fwp%2Fv2%2Ftags&post=162590"}],"curies":[{"name":"wp","href":"https:\/\/api.w.org\/{rel}","templated":true}]}}