{"id":162583,"date":"2017-05-01T20:11:17","date_gmt":"2017-05-01T18:11:17","guid":{"rendered":"http:\/\/www.fuldaer-nachrichten.de\/?p=162583"},"modified":"2017-05-01T20:11:17","modified_gmt":"2017-05-01T18:11:17","slug":"ultraschalldiagnostik-auf-uniklinik-niveau","status":"publish","type":"post","link":"https:\/\/www.fuldaernachrichten.de\/?p=162583","title":{"rendered":"Ultraschalldiagnostik auf Uniklinik-Niveau"},"content":{"rendered":"<p><strong><a href=\"http:\/\/www.fuldaer-nachrichten.de\/wp-content\/uploads\/2017\/05\/HienElsingG\u00f6rigSeilerKonopka.jpg\"><img decoding=\"async\" class=\"alignleft size-thumbnail wp-image-162593\" src=\"http:\/\/www.fuldaer-nachrichten.de\/wp-content\/uploads\/2017\/05\/HienElsingG\u00f6rigSeilerKonopka-265x176.jpg\" alt=\"\" width=\"265\" height=\"176\" \/><\/a>F\u00fcr Dr. Peter Hien sind die beiden neuen Ultraschallger\u00e4te \u201eein technischer Quantensprung, der hier bei uns einzieht\u201c: Sie seien auf dem neuesten Stand der Technik, \u201eso wie man sie haben muss\u201c. Au\u00dfer den Ultraschallger\u00e4ten sind auch noch zwei neue Endoskopieanlagen hinzugekommen. Erneut war Landrat Manfred G\u00f6rig ins Kreiskrankenhaus Alsfeld eingeladen, um sich ein Bild von der fortschreitenden Modernisierung zu machen. \u201eDie zwei Millionen aus dem Kommunalinvestitionsprogramm waren eine einmalige Gelegenheit f\u00fcr uns, die wir einfach nutzen mussten\u201c, sagt er r\u00fcckblickend. Mithilfe dieser Mittel konnte inzwischen ein gro\u00dfer Teil der Medizintechnik modernisiert werden.<\/strong><\/p>\n<p>&nbsp;<\/p>\n<p>Die neuen Ultraschallger\u00e4te (Investitionsumfang von rund 105.000 Euro) werden in der Notaufnahme und der Intensivstation ihren Platz haben, sobald alle Anwender fit im Umgang damit sind. Doch das sollte laut Dr. Hien ganz schnell der Fall sein, denn \u201esie sind wirklich sehr bedienerfreundlich und schnell zu erlernen\u201c. Modernste Schallkopftechnologie und ein riesiger Bildschirm sorgen f\u00fcr Aufnahmen von Herz, Bauchraum, Gef\u00e4\u00dfen oder Lunge, die \u201edoppelt so scharf sind und doppelt so tief blicken lassen wie vorher\u201c. Man habe mit diesen Ger\u00e4ten den gleichen Standard wie die Kliniken in Marburg und Gie\u00dfen, was Gesch\u00e4ftsf\u00fchrer Sassan Pur und Landrat Manfred G\u00f6rig sehr freut. Auch mit den beiden neuen Endoskopieanlagen (Kostenpunkt\u00c2\u00a0 rund 110.000 Euro) schlie\u00dfe man jetzt zu den gro\u00dfen Zentren auf \u2013 in Ausstattung und in personeller Hinsicht, betonten beide.<\/p>\n<p>&nbsp;<\/p>\n<p>Der leitende Oberarzt und Gastroenterologe Dr. Johannes G. Elsing wie auch Pneumologe Dr. Peter Hien werden die Endoskope haupts\u00e4chlich nutzen, sowohl zur Diagnostik als auch zur Probenentnahme und Behandlung. \u201eWir k\u00f6nnen sie einsetzen f\u00fcr Untersuchungen und Sonografie von Herz, Speiser\u00f6hre, Magen, Leber, Bauchspeicheldr\u00fcse und Dickdarm\u201c, z\u00e4hlt Dr. Hien auf, \u201ezur Bronchoskopie wird es ebenso genutzt wie zum Setzen von Stents, zur Laser-, Kryo- und Tumorbehandlung oder zum Beispiel beim Freilegen von Gallenwegen oder der Drainage von Zysten.\u201c Beide \u00c4rzte sind Experten ihres Faches und k\u00f6nnen mehr als 20 Jahre Erfahrung in ihrem jeweiligen Einsatzgebiet vorweisen, d\u00fcrfen auch selbst Internisten und Pneumologen (Lungenfach\u00e4rzte) ausbilden.<\/p>\n","protected":false},"excerpt":{"rendered":"<div class=\"tmnf_excerpt\"><p>F\u00fcr Dr. Peter Hien sind die beiden neuen Ultraschallger\u00e4te \u201eein technischer Quantensprung, der hier bei uns einzieht\u201c: Sie seien auf dem neuesten Stand der Technik, \u201eso wie man sie haben muss\u201c. Au\u00dfer den Ultraschallger\u00e4ten sind auch noch zwei neue Endoskopieanlagen hinzugekommen. Erneut war Landrat Manfred G\u00f6rig ins Kreiskrankenhaus Alsfeld eingeladen, um sich ein Bild von &hellip;<\/p>\n<\/div>","protected":false},"author":1,"featured_media":162592,"comment_status":"closed","ping_status":"closed","sticky":false,"template":"","format":"standard","meta":{"footnotes":""},"categories":[1],"tags":[],"class_list":["post-162583","post","type-post","status-publish","format-standard","has-post-thumbnail","hentry","category-startseite"],"_links":{"self":[{"href":"https:\/\/www.fuldaernachrichten.de\/index.php?rest_route=\/wp\/v2\/posts\/162583","targetHints":{"allow":["GET"]}}],"collection":[{"href":"https:\/\/www.fuldaernachrichten.de\/index.php?rest_route=\/wp\/v2\/posts"}],"about":[{"href":"https:\/\/www.fuldaernachrichten.de\/index.php?rest_route=\/wp\/v2\/types\/post"}],"author":[{"embeddable":true,"href":"https:\/\/www.fuldaernachrichten.de\/index.php?rest_route=\/wp\/v2\/users\/1"}],"replies":[{"embeddable":true,"href":"https:\/\/www.fuldaernachrichten.de\/index.php?rest_route=%2Fwp%2Fv2%2Fcomments&post=162583"}],"version-history":[{"count":1,"href":"https:\/\/www.fuldaernachrichten.de\/index.php?rest_route=\/wp\/v2\/posts\/162583\/revisions"}],"predecessor-version":[{"id":162594,"href":"https:\/\/www.fuldaernachrichten.de\/index.php?rest_route=\/wp\/v2\/posts\/162583\/revisions\/162594"}],"wp:featuredmedia":[{"embeddable":true,"href":"https:\/\/www.fuldaernachrichten.de\/index.php?rest_route=\/wp\/v2\/media\/162592"}],"wp:attachment":[{"href":"https:\/\/www.fuldaernachrichten.de\/index.php?rest_route=%2Fwp%2Fv2%2Fmedia&parent=162583"}],"wp:term":[{"taxonomy":"category","embeddable":true,"href":"https:\/\/www.fuldaernachrichten.de\/index.php?rest_route=%2Fwp%2Fv2%2Fcategories&post=162583"},{"taxonomy":"post_tag","embeddable":true,"href":"https:\/\/www.fuldaernachrichten.de\/index.php?rest_route=%2Fwp%2Fv2%2Ftags&post=162583"}],"curies":[{"name":"wp","href":"https:\/\/api.w.org\/{rel}","templated":true}]}}