{"id":162530,"date":"2017-04-26T06:51:56","date_gmt":"2017-04-26T04:51:56","guid":{"rendered":"http:\/\/www.fuldaer-nachrichten.de\/?p=162530"},"modified":"2017-04-26T06:51:56","modified_gmt":"2017-04-26T04:51:56","slug":"ortsvorsteher-besucht-kita-glaeserzell-und-neue-kita-leitung","status":"publish","type":"post","link":"https:\/\/www.fuldaernachrichten.de\/?p=162530","title":{"rendered":"Ortsvorsteher besucht Kita Gl\u00e4serzell und neue Kita-Leitung"},"content":{"rendered":"<p>Zu einem gemeinsamen Kennenlern-Termin hatte der neue Leiter der Kindertagesst\u00e4tte (Kita) Gl\u00e4serzell, Christian Becker, den Ortsvorsteher des Fuldaer Stadtteils, Felix Statt, eingeladen \u2013 und beim gemeinsamen Waffelbacken mit den Kindern und den Elternbeir\u00e4ten kam man ins Gespr\u00e4ch. Und der Ortsvorsteher konnte beim Backen mit den Kindern seine erzieherischen Kompetenzen unter Beweis stellen.<\/p>\n<p>Bei einem Rundgang durch die Kita hatte sich der Ortsvorsteher, der selbst noch jung im Amt ist, zuvor ein Bild \u00fcber die Einrichtung, die aktuelle Betreuungssituation, die neuen Anschaffungen und geplanten konzeptionellen und p\u00e4dagogischen Ver\u00e4nderungen gemacht. Statt zeigte sich dabei beeindruckt vom Engagement der Mitarbeiter und des neuen Kita-Leiters Becker. Nach einem Begr\u00fc\u00dfungslied der Kinder war der Ortsvorsteher dann als Erzieher und \u201eK\u00fcchenchef\u201c gefragt: Ziel war es, mit 20 Kindern gemeinsam einen Waffelteig herzustellen. Das gemeinsame Abwiegen, die Zubereitung und das anschlie\u00dfende Teig-R\u00fchren und Backen machte allen sichtlich Spa\u00df. Im Anschluss lie\u00dfen sich alle ihre selbstgemachten Waffeln schmecken. Und beim Abholen der Kinder konnten sich auch die Eltern von dem gelungenen Ergebnis des Back-Tags mit dem Ortsvorsteher \u00fcberzeugen.<\/p>\n<p>Zum Abschied \u00fcberreichten die Kinder dem Ortsvorsteher ein selbstgebasteltes Erinnerungspr\u00e4sent. Statt bedankte sich f\u00fcr den \u201einteressanten Einblick in den Kita-Alltag\u201c und war sich mit Kita-Leiter Becker einig, im engen Austausch zu bleiben, um k\u00fcnftig weitere Aktionen ins Leben zu rufen.<\/p>\n<p><i>BU Foto: Mit Feuereifer bei der Sache waren die Kinder beim Waffenbacken mit Ortsvorsteher Felix Statt (links) und Kita-Leiter Christian Becker. Foto: Stadt Fulda<\/i><\/p>\n","protected":false},"excerpt":{"rendered":"<div class=\"tmnf_excerpt\"><p>Zu einem gemeinsamen Kennenlern-Termin hatte der neue Leiter der Kindertagesst\u00e4tte (Kita) Gl\u00e4serzell, Christian Becker, den Ortsvorsteher des Fuldaer Stadtteils, Felix Statt, eingeladen \u2013 und beim gemeinsamen Waffelbacken mit den Kindern und den Elternbeir\u00e4ten kam man ins Gespr\u00e4ch. Und der Ortsvorsteher konnte beim Backen mit den Kindern seine erzieherischen Kompetenzen unter Beweis stellen. Bei einem Rundgang &hellip;<\/p>\n<\/div>","protected":false},"author":1,"featured_media":162536,"comment_status":"closed","ping_status":"closed","sticky":false,"template":"","format":"standard","meta":{"footnotes":""},"categories":[1],"tags":[],"class_list":["post-162530","post","type-post","status-publish","format-standard","has-post-thumbnail","hentry","category-startseite"],"_links":{"self":[{"href":"https:\/\/www.fuldaernachrichten.de\/index.php?rest_route=\/wp\/v2\/posts\/162530","targetHints":{"allow":["GET"]}}],"collection":[{"href":"https:\/\/www.fuldaernachrichten.de\/index.php?rest_route=\/wp\/v2\/posts"}],"about":[{"href":"https:\/\/www.fuldaernachrichten.de\/index.php?rest_route=\/wp\/v2\/types\/post"}],"author":[{"embeddable":true,"href":"https:\/\/www.fuldaernachrichten.de\/index.php?rest_route=\/wp\/v2\/users\/1"}],"replies":[{"embeddable":true,"href":"https:\/\/www.fuldaernachrichten.de\/index.php?rest_route=%2Fwp%2Fv2%2Fcomments&post=162530"}],"version-history":[{"count":1,"href":"https:\/\/www.fuldaernachrichten.de\/index.php?rest_route=\/wp\/v2\/posts\/162530\/revisions"}],"predecessor-version":[{"id":162537,"href":"https:\/\/www.fuldaernachrichten.de\/index.php?rest_route=\/wp\/v2\/posts\/162530\/revisions\/162537"}],"wp:featuredmedia":[{"embeddable":true,"href":"https:\/\/www.fuldaernachrichten.de\/index.php?rest_route=\/wp\/v2\/media\/162536"}],"wp:attachment":[{"href":"https:\/\/www.fuldaernachrichten.de\/index.php?rest_route=%2Fwp%2Fv2%2Fmedia&parent=162530"}],"wp:term":[{"taxonomy":"category","embeddable":true,"href":"https:\/\/www.fuldaernachrichten.de\/index.php?rest_route=%2Fwp%2Fv2%2Fcategories&post=162530"},{"taxonomy":"post_tag","embeddable":true,"href":"https:\/\/www.fuldaernachrichten.de\/index.php?rest_route=%2Fwp%2Fv2%2Ftags&post=162530"}],"curies":[{"name":"wp","href":"https:\/\/api.w.org\/{rel}","templated":true}]}}