{"id":162512,"date":"2017-04-26T06:49:25","date_gmt":"2017-04-26T04:49:25","guid":{"rendered":"http:\/\/www.fuldaer-nachrichten.de\/?p=162512"},"modified":"2017-04-26T06:49:25","modified_gmt":"2017-04-26T04:49:25","slug":"sportabzeichenstuetzpunkt-petersberg-startet-in-die-neue-saison","status":"publish","type":"post","link":"https:\/\/www.fuldaernachrichten.de\/?p=162512","title":{"rendered":"Sportabzeichenst\u00fctzpunkt Petersberg startet in die neue Saison"},"content":{"rendered":"<p>Endlich ist es soweit! Mit dem Fr\u00fchling beginnen im Sportkreis Fulda-H\u00fcnfeld auch wieder die Trainings- und Abnahmetermine f\u00fcr das Deutsche Sportabzeichen in den Stadien des Fuldaer Landkreises. Den Startschuss daf\u00fcr hat die Sportabzeichenbeauftragte des Sportkreises Fulda-H\u00fcnfeld, Elke Piaskowski, auf der Pr\u00fcfertagung im Felsenkeller gegeben. Erkl\u00e4rtes Ziel ist es, wieder einen Spitzenplatz unter den teilnehmenden Hessischen Sportkreisen zu erreichen.<\/p>\n<p>&nbsp;<\/p>\n<p>Auch im Stadion im Waidesgrund in Petersberg geht es am Donnerstag den 04. Mai rund. Von 18.00 bis 20.00 Uhr sind die Pr\u00fcferinnen und Pr\u00fcfer des TV Petersberg vor Ort, um Ma\u00dfband und Stoppuhr die Leistungen der Athletinnen und Athleten festzuhalten. Unter <a href=\"https:\/\/sportabzeichen.splink.de\/\">https:\/\/sportabzeichen.splink.de\/<\/a> k\u00f6nnen Interessierte ihre pers\u00f6nlichen Anforderungen ermitteln (den Ausdruck bitte mit zum Sportplatz bringen).<\/p>\n<p>&nbsp;<\/p>\n<p>Alle Infos zum Deutschen Sportabzeichen und Trainings-Tipps gibt es auf der Homepage des Sportkreises Fulda-H\u00fcnfeld: <a href=\"http:\/\/www.sportkreis-fulda-huenfeld.de\/aktionen_und_projekte\/sportabzeichen.html\">http:\/\/www.sportkreis-fulda-huenfeld.de\/aktionen_und_projekte\/sportabzeichen.html<\/a><\/p>\n<p>&nbsp;<\/p>\n<p>Der Sportkreis Fulda-H\u00fcnfeld richtet in Zusammenarbeit mit der Sparkasse Fulda auch 2017 wieder den beliebten Sportabzeichen-Wettbewerb f\u00fcr Familien und Firmen aus. Zu gewinnen gibt es in beiden Wettbewerben attraktive Preise. An der Abschlussveranstaltung des Sportabzeichen-Wettbewerbs am <strong>24. November 2017<\/strong> werden die Gewinner ermittelt. Also nichts wie hin und dabei sein!<\/p>\n<p>&nbsp;<\/p>\n<p>Das Team des TVP freut sich auf viele Teilnehmerinnen und Teilnehmer.<\/p>\n","protected":false},"excerpt":{"rendered":"<div class=\"tmnf_excerpt\"><p>Endlich ist es soweit! Mit dem Fr\u00fchling beginnen im Sportkreis Fulda-H\u00fcnfeld auch wieder die Trainings- und Abnahmetermine f\u00fcr das Deutsche Sportabzeichen in den Stadien des Fuldaer Landkreises. Den Startschuss daf\u00fcr hat die Sportabzeichenbeauftragte des Sportkreises Fulda-H\u00fcnfeld, Elke Piaskowski, auf der Pr\u00fcfertagung im Felsenkeller gegeben. Erkl\u00e4rtes Ziel ist es, wieder einen Spitzenplatz unter den teilnehmenden Hessischen &hellip;<\/p>\n<\/div>","protected":false},"author":1,"featured_media":162522,"comment_status":"closed","ping_status":"closed","sticky":false,"template":"","format":"standard","meta":{"footnotes":""},"categories":[1],"tags":[],"class_list":["post-162512","post","type-post","status-publish","format-standard","has-post-thumbnail","hentry","category-startseite"],"_links":{"self":[{"href":"https:\/\/www.fuldaernachrichten.de\/index.php?rest_route=\/wp\/v2\/posts\/162512","targetHints":{"allow":["GET"]}}],"collection":[{"href":"https:\/\/www.fuldaernachrichten.de\/index.php?rest_route=\/wp\/v2\/posts"}],"about":[{"href":"https:\/\/www.fuldaernachrichten.de\/index.php?rest_route=\/wp\/v2\/types\/post"}],"author":[{"embeddable":true,"href":"https:\/\/www.fuldaernachrichten.de\/index.php?rest_route=\/wp\/v2\/users\/1"}],"replies":[{"embeddable":true,"href":"https:\/\/www.fuldaernachrichten.de\/index.php?rest_route=%2Fwp%2Fv2%2Fcomments&post=162512"}],"version-history":[{"count":1,"href":"https:\/\/www.fuldaernachrichten.de\/index.php?rest_route=\/wp\/v2\/posts\/162512\/revisions"}],"predecessor-version":[{"id":162523,"href":"https:\/\/www.fuldaernachrichten.de\/index.php?rest_route=\/wp\/v2\/posts\/162512\/revisions\/162523"}],"wp:featuredmedia":[{"embeddable":true,"href":"https:\/\/www.fuldaernachrichten.de\/index.php?rest_route=\/wp\/v2\/media\/162522"}],"wp:attachment":[{"href":"https:\/\/www.fuldaernachrichten.de\/index.php?rest_route=%2Fwp%2Fv2%2Fmedia&parent=162512"}],"wp:term":[{"taxonomy":"category","embeddable":true,"href":"https:\/\/www.fuldaernachrichten.de\/index.php?rest_route=%2Fwp%2Fv2%2Fcategories&post=162512"},{"taxonomy":"post_tag","embeddable":true,"href":"https:\/\/www.fuldaernachrichten.de\/index.php?rest_route=%2Fwp%2Fv2%2Ftags&post=162512"}],"curies":[{"name":"wp","href":"https:\/\/api.w.org\/{rel}","templated":true}]}}