{"id":162484,"date":"2017-04-26T06:42:19","date_gmt":"2017-04-26T04:42:19","guid":{"rendered":"http:\/\/www.fuldaer-nachrichten.de\/?p=162484"},"modified":"2017-04-26T06:42:19","modified_gmt":"2017-04-26T04:42:19","slug":"maimarkt-in-tann","status":"publish","type":"post","link":"https:\/\/www.fuldaernachrichten.de\/?p=162484","title":{"rendered":"Maimarkt in Tann"},"content":{"rendered":"<p><a href=\"http:\/\/www.fuldaer-nachrichten.de\/wp-content\/uploads\/2017\/04\/DSCF0020.jpg\"><img fetchpriority=\"high\" decoding=\"async\" class=\"alignleft size-thumbnail wp-image-162497\" src=\"http:\/\/www.fuldaer-nachrichten.de\/wp-content\/uploads\/2017\/04\/DSCF0020-265x199.jpg\" alt=\"\" width=\"265\" height=\"199\" srcset=\"https:\/\/www.fuldaernachrichten.de\/wp-content\/uploads\/2017\/04\/DSCF0020-265x199.jpg 265w, https:\/\/www.fuldaernachrichten.de\/wp-content\/uploads\/2017\/04\/DSCF0020-768x576.jpg 768w, https:\/\/www.fuldaernachrichten.de\/wp-content\/uploads\/2017\/04\/DSCF0020-600x450.jpg 600w, https:\/\/www.fuldaernachrichten.de\/wp-content\/uploads\/2017\/04\/DSCF0020.jpg 900w\" sizes=\"(max-width: 265px) 100vw, 265px\" \/><\/a>Die Tanner Marktsaison startet am ersten Maiwochenende mit dem traditionellen Maimarkt.<\/p>\n<p>Veranstalter des bunten Markttreibens sind die Mitglieder des Gewerbe- und Verkehrsvereins Tann\/Rh\u00f6n.<\/p>\n<p>Am <b>Samstag<\/b> <b>06. Mai 2017<\/b> und am <b>Sonntag<\/b> <b>07. Mai 2017<\/b> bieten zahlreiche Marktst\u00e4nde aus Handel, Gewerbe und Handwerkskunst ihre Waren zum Kauf an. Von Holzspielzeug und duftenden Gew\u00fcrzen \u00fcber Praktisches f\u00fcr Haus und Garten bis hin zu modischer Kleidung und Dekoration f\u00fcr die eigenen vier W\u00e4nde ist an beiden Tagen sicherlich etwas Passendes zu finden.<\/p>\n<p>Auch kulinarisch gibt es ein gro\u00dfes Angebot. Die Tanner bieten ehrliche Rh\u00f6ner K\u00f6stlichkeiten vom \u201eZwibbelsploatz\u201c \u00fcber Rh\u00f6ner Wurst, Backwaren, H\u00e4hnchen vom Buchenholzgrill und Rh\u00f6nforelle &#8211; f\u00fcr das leibliche Wohl ist also bestens gesorgt.<\/p>\n<p>An beiden Markttagen \u00f6ffnen auch die Gesch\u00e4fte ihre Pforten und erm\u00f6glichen einen Einkauf mit Sonderangeboten und speziellen Marktrabatten.<\/p>\n<p>Am Samstag ab 17 Uhr gibt\u00c2\u00b4s beim \u201eZobel\u201c wieder z\u00fcnftige Unterhaltung mit den \u201eLammersberger Buam\u201c.<\/p>\n<p>Die j\u00fcngere Generation findet ab 20 Uhr bei Discomusik mit DJ Mex im Museumskeller ihren Spa\u00df.<\/p>\n<p>Die musikalische Umrahmung am Sonntagnachmittag \u00fcbernimmt ab 13 Uhr das Musikcorps Tann\/Rh\u00f6n.<\/p>\n<p>Ein Besuch des Tanner Maimarktes lohnt sich auf alle\u00c2\u00a0 F\u00e4lle.<\/p>\n<p>Der Gewerbe- und Verkehrsverein Tann freut sich auf Ihren Besuch<\/p>\n","protected":false},"excerpt":{"rendered":"<div class=\"tmnf_excerpt\"><p>Die Tanner Marktsaison startet am ersten Maiwochenende mit dem traditionellen Maimarkt. Veranstalter des bunten Markttreibens sind die Mitglieder des Gewerbe- und Verkehrsvereins Tann\/Rh\u00f6n. Am Samstag 06. Mai 2017 und am Sonntag 07. Mai 2017 bieten zahlreiche Marktst\u00e4nde aus Handel, Gewerbe und Handwerkskunst ihre Waren zum Kauf an. Von Holzspielzeug und duftenden Gew\u00fcrzen \u00fcber Praktisches f\u00fcr &hellip;<\/p>\n<\/div>","protected":false},"author":1,"featured_media":162496,"comment_status":"closed","ping_status":"closed","sticky":false,"template":"","format":"standard","meta":{"footnotes":""},"categories":[1],"tags":[],"class_list":["post-162484","post","type-post","status-publish","format-standard","has-post-thumbnail","hentry","category-startseite"],"_links":{"self":[{"href":"https:\/\/www.fuldaernachrichten.de\/index.php?rest_route=\/wp\/v2\/posts\/162484","targetHints":{"allow":["GET"]}}],"collection":[{"href":"https:\/\/www.fuldaernachrichten.de\/index.php?rest_route=\/wp\/v2\/posts"}],"about":[{"href":"https:\/\/www.fuldaernachrichten.de\/index.php?rest_route=\/wp\/v2\/types\/post"}],"author":[{"embeddable":true,"href":"https:\/\/www.fuldaernachrichten.de\/index.php?rest_route=\/wp\/v2\/users\/1"}],"replies":[{"embeddable":true,"href":"https:\/\/www.fuldaernachrichten.de\/index.php?rest_route=%2Fwp%2Fv2%2Fcomments&post=162484"}],"version-history":[{"count":1,"href":"https:\/\/www.fuldaernachrichten.de\/index.php?rest_route=\/wp\/v2\/posts\/162484\/revisions"}],"predecessor-version":[{"id":162498,"href":"https:\/\/www.fuldaernachrichten.de\/index.php?rest_route=\/wp\/v2\/posts\/162484\/revisions\/162498"}],"wp:featuredmedia":[{"embeddable":true,"href":"https:\/\/www.fuldaernachrichten.de\/index.php?rest_route=\/wp\/v2\/media\/162496"}],"wp:attachment":[{"href":"https:\/\/www.fuldaernachrichten.de\/index.php?rest_route=%2Fwp%2Fv2%2Fmedia&parent=162484"}],"wp:term":[{"taxonomy":"category","embeddable":true,"href":"https:\/\/www.fuldaernachrichten.de\/index.php?rest_route=%2Fwp%2Fv2%2Fcategories&post=162484"},{"taxonomy":"post_tag","embeddable":true,"href":"https:\/\/www.fuldaernachrichten.de\/index.php?rest_route=%2Fwp%2Fv2%2Ftags&post=162484"}],"curies":[{"name":"wp","href":"https:\/\/api.w.org\/{rel}","templated":true}]}}