{"id":162429,"date":"2017-04-24T08:15:21","date_gmt":"2017-04-24T06:15:21","guid":{"rendered":"http:\/\/www.fuldaer-nachrichten.de\/?p=162429"},"modified":"2017-04-24T08:15:21","modified_gmt":"2017-04-24T06:15:21","slug":"dav-sektion-fulda-zeigt-ausstellung-zum-thema-klimawandel-klimaschutz","status":"publish","type":"post","link":"https:\/\/www.fuldaernachrichten.de\/?p=162429","title":{"rendered":"DAV Sektion Fulda zeigt Ausstellung zum Thema Klimawandel &#8211; Klimaschutz"},"content":{"rendered":"<p>er Letztbesteigung?!<br \/>\nFulda, 23. April 2017. Die DAV Sektion Fulda zeigt vom 23. April bis zum 6. Mai die Wanderschausstellung \u201eKLIMAwandel, KlimaSCHUTZ\u201c des Deutschen Alpenvereins, die \u00fcber die Erkenntnisse und Prognosen zum Klimawandel im Alpenraum informiert. T\u00e4glich ab 14 Uhr kann man in dieser interaktiven Ausstellung dar\u00fcber hinaus erfahren, wie man selbst aktiv werden und Klimaschutz umsetzen kann. <\/p>\n<p>Die Wanderausstellung \u201eKLIMAwandel, KlimaSCHUTZ\u201c, die die DAV Sektion Fulda heute er\u00f6ffnet hat, macht deutlich, was uns in Zukunft im Alpenraum erwarten wird. Dazu fasst sie wissenschaftlich fundierte Erkenntnisse und Prognosen \u00fcber die aktuelle Situation global und im Alpenraum zusammen. Denn: Bergsport und Klimawandel stehen in einer engen wechselseitigen Beziehung und die Ver\u00e4nderungen wirken sich zum Teil massiv auf die verschiedenen Bergsportaktivit\u00e4ten aus. \u201eWir sind zugleich Sch\u00fctzer und N\u00fctzer des sensiblen Naturraums Alpen\u201c, fasste Michael Rutkowski, 1. Vorsitzender der DAV Sektion Fulda bei seiner Begr\u00fc\u00dfung zusammen und appellierte an die Er\u00f6ffnungsg\u00e4ste, den Klimaschutz stets bei ihren Bergaktivit\u00e4ten zu bedenken, zum Beispiel beim Thema Anreise.<\/p>\n<p>Dies hob auch Kreisbeigeordneter Hermann M\u00fcller besonders hervor, der in Vertretung des Landrates Gru\u00dfworte zur Ausstellungser\u00f6ffnung \u00fcberbrachte: \u201eUnsere Kinder, Enkel und Urenkel werden uns dankbar sein, wenn wir schon heute und nicht erst in ferner Zukunft durch wohl\u00fcberlegtes Handeln die Alpen in ihrer Sch\u00f6nheit bewahren.\u201c Und so w\u00fcnschte er der Ausstellung, dass sich viele Besucher \u00fcber die aktuellen Erkenntnisse informieren, um so aktiv am Klimaschutz teilzunehmen. <\/p>\n<p>Was die Klimaver\u00e4nderungen im Alpenraum f\u00fcr die Infrastruktur, die \u00d6kosysteme, den Tourismus, die Mobilit\u00e4t und den Bergsport bedeuten, veranschaulichen zahlreiche Beispiele. Au\u00dferdem zeigt die Ausstellung konkrete M\u00f6glichkeiten, wie der einzelne aktiv werden und Klimaschutz selbst umsetzen kann. Neben verschiedenen Informationstafeln umfasst die Ausstellung auch das interaktive Modul \u201eIch packe meinen Rucksack\u201c sowie die Audiostation \u201eDas Wohlf\u00fchlzeit\u201c, in dem sich die Besucher mit Hilfe von Audiobeitr\u00e4gen des Bayerischen Rundfunks weiterf\u00fchrend \u00fcber das Thema informieren k\u00f6nnen.<\/p>\n<p>Hintergrund zur Ausstellung:<br \/>\nSeit vielen Jahren ist der Deutsche Alpenverein (DAV) aktiv im Klimaschutz. Mit dem Projekt \u201eKlimafreundlicher Bergsport\u201c stellt sich der DAV den <\/p>\n<p>wachsenden Herausforderungen des Klimawandels in den Alpen und verst\u00e4rkt seine Klimaschutzbem\u00fchungen. Die Wanderausstellung ist im Rahmen dieses Projekts und mit Unterst\u00fctzung des Bayerischen Staatsministeriums f\u00fcr Umwelt und Verbraucherschutz (StMUV) entstanden. Dar\u00fcber hinaus wird das Projekt durch die DAV-Partner Globetrotter und Vaude unterst\u00fctzt, wobei bei den Materialien ausschlie\u00dflich Second-Hand- bzw. Ausschussware verwendet wurde.<\/p>\n","protected":false},"excerpt":{"rendered":"<div class=\"tmnf_excerpt\"><p>er Letztbesteigung?! Fulda, 23. April 2017. Die DAV Sektion Fulda zeigt vom 23. April bis zum 6. Mai die Wanderschausstellung \u201eKLIMAwandel, KlimaSCHUTZ\u201c des Deutschen Alpenvereins, die \u00fcber die Erkenntnisse und Prognosen zum Klimawandel im Alpenraum informiert. T\u00e4glich ab 14 Uhr kann man in dieser interaktiven Ausstellung dar\u00fcber hinaus erfahren, wie man selbst aktiv werden und &hellip;<\/p>\n<\/div>","protected":false},"author":1,"featured_media":162432,"comment_status":"closed","ping_status":"closed","sticky":false,"template":"","format":"gallery","meta":{"footnotes":""},"categories":[1],"tags":[],"class_list":["post-162429","post","type-post","status-publish","format-gallery","has-post-thumbnail","hentry","category-startseite","post_format-post-format-gallery"],"_links":{"self":[{"href":"https:\/\/www.fuldaernachrichten.de\/index.php?rest_route=\/wp\/v2\/posts\/162429","targetHints":{"allow":["GET"]}}],"collection":[{"href":"https:\/\/www.fuldaernachrichten.de\/index.php?rest_route=\/wp\/v2\/posts"}],"about":[{"href":"https:\/\/www.fuldaernachrichten.de\/index.php?rest_route=\/wp\/v2\/types\/post"}],"author":[{"embeddable":true,"href":"https:\/\/www.fuldaernachrichten.de\/index.php?rest_route=\/wp\/v2\/users\/1"}],"replies":[{"embeddable":true,"href":"https:\/\/www.fuldaernachrichten.de\/index.php?rest_route=%2Fwp%2Fv2%2Fcomments&post=162429"}],"version-history":[{"count":1,"href":"https:\/\/www.fuldaernachrichten.de\/index.php?rest_route=\/wp\/v2\/posts\/162429\/revisions"}],"predecessor-version":[{"id":162437,"href":"https:\/\/www.fuldaernachrichten.de\/index.php?rest_route=\/wp\/v2\/posts\/162429\/revisions\/162437"}],"wp:featuredmedia":[{"embeddable":true,"href":"https:\/\/www.fuldaernachrichten.de\/index.php?rest_route=\/wp\/v2\/media\/162432"}],"wp:attachment":[{"href":"https:\/\/www.fuldaernachrichten.de\/index.php?rest_route=%2Fwp%2Fv2%2Fmedia&parent=162429"}],"wp:term":[{"taxonomy":"category","embeddable":true,"href":"https:\/\/www.fuldaernachrichten.de\/index.php?rest_route=%2Fwp%2Fv2%2Fcategories&post=162429"},{"taxonomy":"post_tag","embeddable":true,"href":"https:\/\/www.fuldaernachrichten.de\/index.php?rest_route=%2Fwp%2Fv2%2Ftags&post=162429"}],"curies":[{"name":"wp","href":"https:\/\/api.w.org\/{rel}","templated":true}]}}