{"id":162426,"date":"2017-04-24T08:12:16","date_gmt":"2017-04-24T06:12:16","guid":{"rendered":"http:\/\/www.fuldaer-nachrichten.de\/?p=162426"},"modified":"2017-04-24T08:12:16","modified_gmt":"2017-04-24T06:12:16","slug":"nordic-walking-aber-richtig","status":"publish","type":"post","link":"https:\/\/www.fuldaernachrichten.de\/?p=162426","title":{"rendered":"Nordic-Walking &#8211; aber richtig!"},"content":{"rendered":"<p>Durch Erlernen der grundlegenden Techniken ist Nordic Walking ein schonendes Ganzk\u00f6rper-Fitnesstraining f\u00fcr alle. Ein Kompaktkurs der Volkshochschule des Landkreises Fulda f\u00fcr Einsteiger und Fortgeschrittene beginnt Freitag, 12. Mai, um 16.30 Uhr am Parkplatz an der Reithalle. Infos und Anmeldung mit Kursnummer VO3021650 unter www.vhs-fulda.de oder telefonisch beim B\u00fcrgerservice (0661)6006-1600. <\/p>\n","protected":false},"excerpt":{"rendered":"<div class=\"tmnf_excerpt\"><p>Durch Erlernen der grundlegenden Techniken ist Nordic Walking ein schonendes Ganzk\u00f6rper-Fitnesstraining f\u00fcr alle. Ein Kompaktkurs der Volkshochschule des Landkreises Fulda f\u00fcr Einsteiger und Fortgeschrittene beginnt Freitag, 12. Mai, um 16.30 Uhr am Parkplatz an der Reithalle. Infos und Anmeldung mit Kursnummer VO3021650 unter www.vhs-fulda.de oder telefonisch beim B\u00fcrgerservice (0661)6006-1600.<\/p>\n<\/div>","protected":false},"author":1,"featured_media":0,"comment_status":"closed","ping_status":"closed","sticky":false,"template":"","format":"standard","meta":{"footnotes":""},"categories":[1],"tags":[],"class_list":["post-162426","post","type-post","status-publish","format-standard","hentry","category-startseite"],"_links":{"self":[{"href":"https:\/\/www.fuldaernachrichten.de\/index.php?rest_route=\/wp\/v2\/posts\/162426","targetHints":{"allow":["GET"]}}],"collection":[{"href":"https:\/\/www.fuldaernachrichten.de\/index.php?rest_route=\/wp\/v2\/posts"}],"about":[{"href":"https:\/\/www.fuldaernachrichten.de\/index.php?rest_route=\/wp\/v2\/types\/post"}],"author":[{"embeddable":true,"href":"https:\/\/www.fuldaernachrichten.de\/index.php?rest_route=\/wp\/v2\/users\/1"}],"replies":[{"embeddable":true,"href":"https:\/\/www.fuldaernachrichten.de\/index.php?rest_route=%2Fwp%2Fv2%2Fcomments&post=162426"}],"version-history":[{"count":1,"href":"https:\/\/www.fuldaernachrichten.de\/index.php?rest_route=\/wp\/v2\/posts\/162426\/revisions"}],"predecessor-version":[{"id":162428,"href":"https:\/\/www.fuldaernachrichten.de\/index.php?rest_route=\/wp\/v2\/posts\/162426\/revisions\/162428"}],"wp:attachment":[{"href":"https:\/\/www.fuldaernachrichten.de\/index.php?rest_route=%2Fwp%2Fv2%2Fmedia&parent=162426"}],"wp:term":[{"taxonomy":"category","embeddable":true,"href":"https:\/\/www.fuldaernachrichten.de\/index.php?rest_route=%2Fwp%2Fv2%2Fcategories&post=162426"},{"taxonomy":"post_tag","embeddable":true,"href":"https:\/\/www.fuldaernachrichten.de\/index.php?rest_route=%2Fwp%2Fv2%2Ftags&post=162426"}],"curies":[{"name":"wp","href":"https:\/\/api.w.org\/{rel}","templated":true}]}}