{"id":162424,"date":"2017-04-24T08:11:42","date_gmt":"2017-04-24T06:11:42","guid":{"rendered":"http:\/\/www.fuldaer-nachrichten.de\/?p=162424"},"modified":"2017-04-24T08:11:42","modified_gmt":"2017-04-24T06:11:42","slug":"feuerwehren-sollen-allen-offenstehen","status":"publish","type":"post","link":"https:\/\/www.fuldaernachrichten.de\/?p=162424","title":{"rendered":"\u201eFeuerwehren sollen allen offenstehen\u201c"},"content":{"rendered":"<p>Werner Koch, Staatssekret\u00e4r im Hessischen Innenministerium, hat bei der 63. Verbandsversammlung der Hessischen Landesfeuerwehren erstmals den Integrationspreis Brandschutz verliehen. Er ist mit insgesamt 6.000 Euro dotiert. Ausgezeichnet wurden die Freiwilligen Feuerwehren  Alheim-Niederellenbach und Alheim-Heinebach, Schl\u00fcchtern-Innenstadt, Waldems-Reichenbach sowie Bruchk\u00f6bel. Der Integrationspreis ist ein Baustein der Integrationskampagne Brandschutz des Landes und wurde in Zusammenarbeit mit dem Landesfeuerwehrverband 2016 ins Leben gerufen.<\/p>\n<p>\u201eDie Feuerwehren stehen nicht nur im Dienst der Allgemeinheit, sondern \u00fcbernehmen hessenweit f\u00fcr unsere Gemeinschaft Verantwortung. Sie sollen allen Bev\u00f6lkerungsgruppen offenstehen \u2013 gleich welchen Geschlechts, welcher Hautfarbe oder Herkunft die Menschen sind. Die Integrationskampagne Brandschutz soll dazu beitragen, dass Migrantinnen und Migranten sowie die Feuerwehren einfacher zusammenfinden. Dass der Weg zur Feuerwehr keinen kulturellen Schranken unterworfen ist, zeigen die Freiwilligen Feuerwehren, die ausgezeichnet werden, beispielhaft\u201c, so Staatssekret\u00e4r Werner Koch.<\/p>\n<p>Im Zuge der Verbandsversammlung \u00fcbergab der Staatssekret\u00e4r zudem vier Brandschutzfahrzeuge im Gesamtwert von rund 100.000 Euro an die St\u00e4dte K\u00f6nigstein und Gro\u00df-Gerau, an die Gemeinde Modautal sowie an den Kreisausschuss Darmstadt-Dieburg. Insgesamt investiert das Land in diesem Jahr mit 22 Millionen Euro so viel wie noch nie innerhalb eines Haushaltsjahres in die Ausstattung des Brandschutzes in Hessen.<\/p>\n<p>Gewinner des Integrationspreises Brandschutz 2017:<\/p>\n<p>1. Platz mit jeweils 3.000 Euro dotiert:<\/p>\n<p>Freiwillige Feuerwehr Alheim-Niederellenbach und Alheim-Heinebach<\/p>\n<p>\u201eIntegration praktisch erleben\u201c ist das Motto der Freiwilligen Feuerwehr Alheim-Niederellenbach. Auf Basis dieses Leitspruchs gewannen die Brandsch\u00fctzer f\u00fcnf Fl\u00fcchtlinge f\u00fcr den aktiven Dienst der beiden Alheimer Ortsteilwehren. Daneben engagieren sich einige Mitglieder der Ortsteilwehren auch unabh\u00e4ngig von ihrem Feuerwehrdienst ehrenamtlich f\u00fcr Fl\u00fcchtlinge und sorgen so f\u00fcr eine gelungene Vernetzung von allgemeiner Fl\u00fcchtlingshilfe ihrer Arbeit in der ortsans\u00e4ssigen Feuerwehr.<\/p>\n<p>2. Platz mit 2.000 Euro dotiert<\/p>\n<p>Freiwillige Feuerwehr Schl\u00fcchtern-Innenstadt<\/p>\n<p>Die Feuerwehr Schl\u00fcchtern betreut Fl\u00fcchtlinge umfassend, integriert sie in die Jugendfeuerwehr und Einsatzabteilung und betreibt eine aktive Mitgliederwerbung. Im Rahmen eines \u201eNeub\u00fcrgerempfang\u201c der Stadt Schl\u00fcchtern im November 2016 warb die Freiwillige Feuerwehr f\u00fcr die Integration von Fl\u00fcchtlingen in den Einsatzdienst. Mittlerweile unterst\u00fctzen insgesamt drei Fl\u00fcchtlinge die Einsatzabteilung sowie die Jugendfeuerwehr in Schl\u00fcchtern.<\/p>\n<p>3. Platz mit 1.000 Euro dotiert<\/p>\n<p>Freiwillige Feuerwehr Waldems-Reichenbach<\/p>\n<p>Die Feuerwehr befasst sich schon sehr lange mit dem Thema Integration und legt dabei den Fokus auf Vielfalt in der Feuerwehr sowie die erfolgreiche Integration von Menschen mit Migrationshintergrund in die Feuerwehr. Durch diese Bem\u00fchungen konnte auch ein Fl\u00fcchtling in die Feuerwehr integriert werden; die Kosovarin ist mittlerweile nicht nur als Oberl\u00f6schmeisterin Teil der Einsatzabteilung, sondern auch bei den L\u00f6schzwergen und als Voraus-Helferin aktiv.<\/p>\n<p>Sonderpreis mit 500 Euro dotiert: Freiwillige Feuerwehr Bruchk\u00f6bel<\/p>\n<p>Durch einen praxisbezogenen \u201eEinsteigerkurs\u201c f\u00fcr die Mitarbeit in der Einsatzabteilung, der f\u00fcr Menschen mit und ohne Migrationshintergrund angeboten wurde, gelang es der Feuerwehr Bruchk\u00f6bel, neben einigen weiteren Neueinsteigern auch einen Asylbewerber zu integrieren und Sprachbarrieren abzubauen.<\/p>\n<p>Hintergrund:<\/p>\n<p>Integrationskampagne:<\/p>\n<p>Die \u201eIntegrationskampagne Brandschutz\u201c wurde im Jahr 2016 ins Leben gerufen und ist \u00fcber mehrere Jahre angelegt. Ziel der Kampagne ist es, einerseits Menschen mit Migrationshintergrund direkter anzusprechen und andererseits auch den Kameradinnen und Kameraden der Feuerwehren Hilfestellungen daf\u00fcr zu geben, wie sie Frauen und M\u00e4nner mit ausl\u00e4ndischen Wurzeln besser integrieren k\u00f6nnen. Neben der Einf\u00fchrung des Integrationspreises Brandschutz wurden z. B. Interkulturelle Berater etabliert und es wurden zwei neue Seminare an der Hessischen Landesfeuerwehrschule in Kassel angeboten.<\/p>\n<p>Integrationspreis Brandschutz:<\/p>\n<p>Der Integrationspreis des Hessischen Innenministeriums, den es gemeinsam mit dem Landesfeuerwehrverband vergibt, f\u00f6rdert Projekte um Menschen mit Migrationshintergrund. Er wird in drei Stufen vergeben und ist insgesamt mit 6.000 Euro dotiert.<\/p>\n<p>Der Integrationsbeirat entschied mittels Mehrheitsbeschluss \u00fcber die die 1. bis 3. Pl\u00e4tze und danach einstimmig, dass der Sonderpreis an die Freiwillige Feuerwehr Bruchk\u00f6bel gegeben werden soll. Die durchgef\u00fchrte Aktion erf\u00fcllte doch noch mehr die Anforderungen an einen Preistr\u00e4ger als die Aktionen der Nichtgewinner.<\/p>\n","protected":false},"excerpt":{"rendered":"<div class=\"tmnf_excerpt\"><p>Werner Koch, Staatssekret\u00e4r im Hessischen Innenministerium, hat bei der 63. Verbandsversammlung der Hessischen Landesfeuerwehren erstmals den Integrationspreis Brandschutz verliehen. Er ist mit insgesamt 6.000 Euro dotiert. Ausgezeichnet wurden die Freiwilligen Feuerwehren Alheim-Niederellenbach und Alheim-Heinebach, Schl\u00fcchtern-Innenstadt, Waldems-Reichenbach sowie Bruchk\u00f6bel. Der Integrationspreis ist ein Baustein der Integrationskampagne Brandschutz des Landes und wurde in Zusammenarbeit mit dem Landesfeuerwehrverband &hellip;<\/p>\n<\/div>","protected":false},"author":1,"featured_media":0,"comment_status":"closed","ping_status":"closed","sticky":false,"template":"","format":"standard","meta":{"footnotes":""},"categories":[1],"tags":[],"class_list":["post-162424","post","type-post","status-publish","format-standard","hentry","category-startseite"],"_links":{"self":[{"href":"https:\/\/www.fuldaernachrichten.de\/index.php?rest_route=\/wp\/v2\/posts\/162424","targetHints":{"allow":["GET"]}}],"collection":[{"href":"https:\/\/www.fuldaernachrichten.de\/index.php?rest_route=\/wp\/v2\/posts"}],"about":[{"href":"https:\/\/www.fuldaernachrichten.de\/index.php?rest_route=\/wp\/v2\/types\/post"}],"author":[{"embeddable":true,"href":"https:\/\/www.fuldaernachrichten.de\/index.php?rest_route=\/wp\/v2\/users\/1"}],"replies":[{"embeddable":true,"href":"https:\/\/www.fuldaernachrichten.de\/index.php?rest_route=%2Fwp%2Fv2%2Fcomments&post=162424"}],"version-history":[{"count":1,"href":"https:\/\/www.fuldaernachrichten.de\/index.php?rest_route=\/wp\/v2\/posts\/162424\/revisions"}],"predecessor-version":[{"id":162425,"href":"https:\/\/www.fuldaernachrichten.de\/index.php?rest_route=\/wp\/v2\/posts\/162424\/revisions\/162425"}],"wp:attachment":[{"href":"https:\/\/www.fuldaernachrichten.de\/index.php?rest_route=%2Fwp%2Fv2%2Fmedia&parent=162424"}],"wp:term":[{"taxonomy":"category","embeddable":true,"href":"https:\/\/www.fuldaernachrichten.de\/index.php?rest_route=%2Fwp%2Fv2%2Fcategories&post=162424"},{"taxonomy":"post_tag","embeddable":true,"href":"https:\/\/www.fuldaernachrichten.de\/index.php?rest_route=%2Fwp%2Fv2%2Ftags&post=162424"}],"curies":[{"name":"wp","href":"https:\/\/api.w.org\/{rel}","templated":true}]}}