{"id":162420,"date":"2017-04-22T10:23:55","date_gmt":"2017-04-22T08:23:55","guid":{"rendered":"http:\/\/www.fuldaer-nachrichten.de\/?p=162420"},"modified":"2017-04-22T10:23:55","modified_gmt":"2017-04-22T08:23:55","slug":"gestaltende-kraft-der-sportentwicklung-in-hessen","status":"publish","type":"post","link":"https:\/\/www.fuldaernachrichten.de\/?p=162420","title":{"rendered":"\u201eGestaltende Kraft der Sportentwicklung in Hessen\u201c"},"content":{"rendered":"<p>Der Hessische Innenminister Peter Beuth hat den Verbandstag des Hessischen Behinderten- und Rehabilitations-Sportes (HBRS) besucht und eine Zuwendung in H\u00f6he von 340.000 Euro \u00fcbergeben. Dabei betonte er die Bedeutung des Sports f\u00fcr Menschen mit Behinderungen sowie f\u00fcr deren Einbindung in die Gesellschaft.<\/p>\n<p>\u201eDer Hessische Behinderten- und Rehabilitationssport-Verband ist die gestaltende Kraft der Sportentwicklung in Hessen f\u00fcr den Reha- und Behindertensport sowie in der F\u00f6rderung der Inklusion im und durch den Sport. Heute treiben unter dem Dach des Verbandes mehr als 71.000 Menschen Sport und sind in rund 600 Vereinen verschiedenste Sportarten aktiv. Diese Entwicklung ist auch ein Zeichen f\u00fcr die wertvolle Arbeit des Verbandes. Das Land f\u00f6rdert die Verbandsarbeit des HBRS deshalb mit 340.000 Euro im Jahr\u201c, so Innenminister Peter Beuth. <\/p>\n<p>Um die Bedeutung des Sports f\u00fcr Menschen mit Behinderung und der Inklusion im Sport weiter auszubauen und noch individueller unterst\u00fctzen zu k\u00f6nnen, ist in der Sportabteilung des Innenministeriums im Jahr 2015 ein Referat f\u00fcr die Bereiche Sport f\u00fcr Menschen mit Behinderung und Inklusion eingerichtet worden. Seit dem Jahr 2016 werden vom Ministerium zus\u00e4tzliche Mittel f\u00fcr die Gr\u00fcndung inklusiver Sportgruppen und die Ausrichtung inklusiver Sportveranstaltungen bereitgestellt.<\/p>\n<p>Zur Verst\u00e4rkung der Inklusionsarbeit an der Basis finanziert das Land zudem gemeinsam mit dem HBRS und dem Landessportbund Hessen seit Herbst 2016 eine Referenten-Stelle f\u00fcr \u201eSport und Inklusion\u201c beim Landessportbund. Des Weiteren ist in Zusammenarbeit mit dem HBRS ein Projekt im Bereich Nachwuchsf\u00f6rderung geplant, sowie die Unterst\u00fctzung einer neuen inklusiven Fu\u00dfball-Liga in Hessen.<\/p>\n","protected":false},"excerpt":{"rendered":"<div class=\"tmnf_excerpt\"><p>Der Hessische Innenminister Peter Beuth hat den Verbandstag des Hessischen Behinderten- und Rehabilitations-Sportes (HBRS) besucht und eine Zuwendung in H\u00f6he von 340.000 Euro \u00fcbergeben. Dabei betonte er die Bedeutung des Sports f\u00fcr Menschen mit Behinderungen sowie f\u00fcr deren Einbindung in die Gesellschaft. \u201eDer Hessische Behinderten- und Rehabilitationssport-Verband ist die gestaltende Kraft der Sportentwicklung in Hessen &hellip;<\/p>\n<\/div>","protected":false},"author":1,"featured_media":0,"comment_status":"closed","ping_status":"closed","sticky":false,"template":"","format":"standard","meta":{"footnotes":""},"categories":[1],"tags":[],"class_list":["post-162420","post","type-post","status-publish","format-standard","hentry","category-startseite"],"_links":{"self":[{"href":"https:\/\/www.fuldaernachrichten.de\/index.php?rest_route=\/wp\/v2\/posts\/162420","targetHints":{"allow":["GET"]}}],"collection":[{"href":"https:\/\/www.fuldaernachrichten.de\/index.php?rest_route=\/wp\/v2\/posts"}],"about":[{"href":"https:\/\/www.fuldaernachrichten.de\/index.php?rest_route=\/wp\/v2\/types\/post"}],"author":[{"embeddable":true,"href":"https:\/\/www.fuldaernachrichten.de\/index.php?rest_route=\/wp\/v2\/users\/1"}],"replies":[{"embeddable":true,"href":"https:\/\/www.fuldaernachrichten.de\/index.php?rest_route=%2Fwp%2Fv2%2Fcomments&post=162420"}],"version-history":[{"count":1,"href":"https:\/\/www.fuldaernachrichten.de\/index.php?rest_route=\/wp\/v2\/posts\/162420\/revisions"}],"predecessor-version":[{"id":162421,"href":"https:\/\/www.fuldaernachrichten.de\/index.php?rest_route=\/wp\/v2\/posts\/162420\/revisions\/162421"}],"wp:attachment":[{"href":"https:\/\/www.fuldaernachrichten.de\/index.php?rest_route=%2Fwp%2Fv2%2Fmedia&parent=162420"}],"wp:term":[{"taxonomy":"category","embeddable":true,"href":"https:\/\/www.fuldaernachrichten.de\/index.php?rest_route=%2Fwp%2Fv2%2Fcategories&post=162420"},{"taxonomy":"post_tag","embeddable":true,"href":"https:\/\/www.fuldaernachrichten.de\/index.php?rest_route=%2Fwp%2Fv2%2Ftags&post=162420"}],"curies":[{"name":"wp","href":"https:\/\/api.w.org\/{rel}","templated":true}]}}