{"id":162412,"date":"2017-04-22T10:24:15","date_gmt":"2017-04-22T08:24:15","guid":{"rendered":"http:\/\/www.fuldaer-nachrichten.de\/?p=162412"},"modified":"2017-04-22T10:24:15","modified_gmt":"2017-04-22T08:24:15","slug":"patientenakademie-am-%e2%80%a8klinikum-fulda","status":"publish","type":"post","link":"https:\/\/www.fuldaernachrichten.de\/?p=162412","title":{"rendered":"Patientenakademie am \u00e2\u20ac\u00a8Klinikum Fulda"},"content":{"rendered":"<p>\u201eOsteoporose \u2013 Was gibt es Neues von den Knochen und f\u00fcr die Knochen?\u201c<br \/>\nIm Rahmen der Patientenakademie des Klinikums Fulda findet am 26.04.2017, von 17.00 Uhr bis 19.00 Uhr, eine H\u00f6rsaalveranstaltung zu dem Thema \u201eVolkskrankheit Osteoporose\u201c statt.<\/p>\n<p>Die Osteoporose ist eine Volkskrankheit: rund sechs Millionen Menschen sind in Deutschland betroffen. Sie verl\u00e4uft schleichend ohne Beschwerden, bis zum Knochenbruch, der oft das Ende des selbst bestimmten Lebens bedeutet. 500.000 solcher Knochenbr\u00fcche ereignen sich jedes Jahr in Deutschland. Dabei kann Osteoporose gut erkannt und behandelt werden. <\/p>\n<p>Die Medizinische Klinik IV (Direktor Prof. Dr. med. Peter Kern) ist ein zertifiziertes osteologisches Schwerpunktzentrum und versorgt zusammen mit den niedergelassenen Spezialisten in der Region alle Formen und Komplikationen der Osteoporose.<br \/>\nIm Rahmen der Informationsveranstaltung gibt Prof. Dr. Peter Kern einen \u00dcberblick \u00fcber diese Erkrankung und ihre Behandlungsm\u00f6glichkeiten.<br \/>\nIm Anschluss an den Vortrag besteht die M\u00f6g-lichkeit, individuelle Fragen an den Experten zu stellen. Die Anzahl der Sitzpl\u00e4tze im H\u00f6r-saal ist begrenzt. Eine Anmeldung ist nicht erforderlich.<\/p>\n","protected":false},"excerpt":{"rendered":"<div class=\"tmnf_excerpt\"><p>\u201eOsteoporose \u2013 Was gibt es Neues von den Knochen und f\u00fcr die Knochen?\u201c Im Rahmen der Patientenakademie des Klinikums Fulda findet am 26.04.2017, von 17.00 Uhr bis 19.00 Uhr, eine H\u00f6rsaalveranstaltung zu dem Thema \u201eVolkskrankheit Osteoporose\u201c statt. Die Osteoporose ist eine Volkskrankheit: rund sechs Millionen Menschen sind in Deutschland betroffen. Sie verl\u00e4uft schleichend ohne Beschwerden, &hellip;<\/p>\n<\/div>","protected":false},"author":1,"featured_media":162422,"comment_status":"closed","ping_status":"closed","sticky":false,"template":"","format":"standard","meta":{"footnotes":""},"categories":[1],"tags":[],"class_list":["post-162412","post","type-post","status-publish","format-standard","has-post-thumbnail","hentry","category-startseite"],"_links":{"self":[{"href":"https:\/\/www.fuldaernachrichten.de\/index.php?rest_route=\/wp\/v2\/posts\/162412","targetHints":{"allow":["GET"]}}],"collection":[{"href":"https:\/\/www.fuldaernachrichten.de\/index.php?rest_route=\/wp\/v2\/posts"}],"about":[{"href":"https:\/\/www.fuldaernachrichten.de\/index.php?rest_route=\/wp\/v2\/types\/post"}],"author":[{"embeddable":true,"href":"https:\/\/www.fuldaernachrichten.de\/index.php?rest_route=\/wp\/v2\/users\/1"}],"replies":[{"embeddable":true,"href":"https:\/\/www.fuldaernachrichten.de\/index.php?rest_route=%2Fwp%2Fv2%2Fcomments&post=162412"}],"version-history":[{"count":1,"href":"https:\/\/www.fuldaernachrichten.de\/index.php?rest_route=\/wp\/v2\/posts\/162412\/revisions"}],"predecessor-version":[{"id":162423,"href":"https:\/\/www.fuldaernachrichten.de\/index.php?rest_route=\/wp\/v2\/posts\/162412\/revisions\/162423"}],"wp:featuredmedia":[{"embeddable":true,"href":"https:\/\/www.fuldaernachrichten.de\/index.php?rest_route=\/wp\/v2\/media\/162422"}],"wp:attachment":[{"href":"https:\/\/www.fuldaernachrichten.de\/index.php?rest_route=%2Fwp%2Fv2%2Fmedia&parent=162412"}],"wp:term":[{"taxonomy":"category","embeddable":true,"href":"https:\/\/www.fuldaernachrichten.de\/index.php?rest_route=%2Fwp%2Fv2%2Fcategories&post=162412"},{"taxonomy":"post_tag","embeddable":true,"href":"https:\/\/www.fuldaernachrichten.de\/index.php?rest_route=%2Fwp%2Fv2%2Ftags&post=162412"}],"curies":[{"name":"wp","href":"https:\/\/api.w.org\/{rel}","templated":true}]}}