{"id":162404,"date":"2017-04-22T10:20:40","date_gmt":"2017-04-22T08:20:40","guid":{"rendered":"http:\/\/www.fuldaer-nachrichten.de\/?p=162404"},"modified":"2017-04-22T10:20:40","modified_gmt":"2017-04-22T08:20:40","slug":"ehrenamtlicher-einsatz-in-der-oekumenischen-bahnhofsmission","status":"publish","type":"post","link":"https:\/\/www.fuldaernachrichten.de\/?p=162404","title":{"rendered":"Ehrenamtlicher Einsatz in der \u00d6kumenischen Bahnhofsmission"},"content":{"rendered":"<p>Einmal ehrenamtlich in der \u00d6kumenischen Bahnhofsmission mitzuarbeiten, dass hatten Pfarrer Lars \u2013 Peter Rilke, Leiter Diakonisches Werk Fulda und Pfarrer Stefan Bu\u00df, Innenstadtpfarrei Fulda bei der Segnung der neuen R\u00e4umlichkeiten an der Ostseite des Fuldaer Bahnhofs versprochen. Jetzt l\u00f6sten beide ihr Versprechen ein. Theodor Br\u00e4hler, schon selbst langj\u00e4hrig ehrenamtlich t\u00e4tig, f\u00fchrte die beiden \u201eNeulinge\u201c ein. Nicht nur der Dienst am Bahnsteig unterliege Regeln, sondern auch die Ausgabe von Broten, Kaffee oder Tee und deren Zubereitung, so Theodor Br\u00e4hler. Die Bahnhofsmission versorge zwar mit dem lebensnotwendigen, sei aber weder Gastst\u00e4tte noch Daueraufenthaltsort. Da zum Zeitpunkt des Einsatzes viele G\u00e4ste zur \u00d6kumenischen Bahnhofsmission kamen, nutzten die beiden Pfarrer die Zeit zu Gespr\u00e4chen. Es sei nicht nur eine gute Erfahrung f\u00fcr die G\u00e4ste gewesen \u201eKirche am Bahnhof\u201c zu erleben. Es h\u00e4tten sich f\u00fcr die beiden Geistlichen auch viele intensive und religi\u00f6se Gespr\u00e4che ergeben, sagte Monika Niestroj, Leiterin der \u00d6kumenischen Bahnhofsmission Fulda. Stefan Bu\u00df und Lars \u2013 Peter Rilke begaben sich in Begleitung von der diensttuenden Ehrenamtlichen auch vor Ort und boten an den Bahnsteigen ihre Hilfe an. Beide Pfarrer fanden es sehr hilfreich, dass sie im Anschluss an ihren Einsatz die Arbeit mit Monika Niestroj und Theodor Br\u00e4hler reflektieren konnten. Sie seien \u00fcberzeugt, dass die Arbeit der \u00d6kumenischen Bahnhofsmission nicht nur ein wichtiger gesellschaftlicher Beitrag leiste, sondern f\u00fcr viele Menschen auch eine positive Erfahrung von Kirche vermittelten. Mit Recht d\u00fcrfe man von \u201eKirche am Bahnhof\u201c sprechen. Ihr besonderer Dank galt den Ehrenamtlichen f\u00fcr ihren Dienst, der sich besonders auch Menschen am Rand unserer Gesellschaft widme. Wer eine ausf\u00fcllende und sinnvolle Besch\u00e4ftigung in seiner Freizeit such, sei bei der \u00d6kumenischen Bahnhofsmission an der richtigen Adresse, betonten Stefan Bu\u00df und Lars \u2013 Peter Rilke gleicherma\u00dfen.<\/p>\n<p>Interessenten k\u00f6nnen sich an die Leiterin Monika Niestroj, 0661- 73327; monika.niestroj@caritas-fulda.de oder fulda@bahnhofsmission.de wenden. Neben dem Erhalt von Informationen \u00fcber die ehrenamtliche Arbeit ist auch ein \u201eSchnuppertag\u201c m\u00f6glich. <\/p>\n","protected":false},"excerpt":{"rendered":"<div class=\"tmnf_excerpt\"><p>Einmal ehrenamtlich in der \u00d6kumenischen Bahnhofsmission mitzuarbeiten, dass hatten Pfarrer Lars \u2013 Peter Rilke, Leiter Diakonisches Werk Fulda und Pfarrer Stefan Bu\u00df, Innenstadtpfarrei Fulda bei der Segnung der neuen R\u00e4umlichkeiten an der Ostseite des Fuldaer Bahnhofs versprochen. Jetzt l\u00f6sten beide ihr Versprechen ein. Theodor Br\u00e4hler, schon selbst langj\u00e4hrig ehrenamtlich t\u00e4tig, f\u00fchrte die beiden \u201eNeulinge\u201c ein. &hellip;<\/p>\n<\/div>","protected":false},"author":1,"featured_media":162407,"comment_status":"closed","ping_status":"closed","sticky":false,"template":"","format":"gallery","meta":{"footnotes":""},"categories":[1],"tags":[],"class_list":["post-162404","post","type-post","status-publish","format-gallery","has-post-thumbnail","hentry","category-startseite","post_format-post-format-gallery"],"_links":{"self":[{"href":"https:\/\/www.fuldaernachrichten.de\/index.php?rest_route=\/wp\/v2\/posts\/162404","targetHints":{"allow":["GET"]}}],"collection":[{"href":"https:\/\/www.fuldaernachrichten.de\/index.php?rest_route=\/wp\/v2\/posts"}],"about":[{"href":"https:\/\/www.fuldaernachrichten.de\/index.php?rest_route=\/wp\/v2\/types\/post"}],"author":[{"embeddable":true,"href":"https:\/\/www.fuldaernachrichten.de\/index.php?rest_route=\/wp\/v2\/users\/1"}],"replies":[{"embeddable":true,"href":"https:\/\/www.fuldaernachrichten.de\/index.php?rest_route=%2Fwp%2Fv2%2Fcomments&post=162404"}],"version-history":[{"count":1,"href":"https:\/\/www.fuldaernachrichten.de\/index.php?rest_route=\/wp\/v2\/posts\/162404\/revisions"}],"predecessor-version":[{"id":162409,"href":"https:\/\/www.fuldaernachrichten.de\/index.php?rest_route=\/wp\/v2\/posts\/162404\/revisions\/162409"}],"wp:featuredmedia":[{"embeddable":true,"href":"https:\/\/www.fuldaernachrichten.de\/index.php?rest_route=\/wp\/v2\/media\/162407"}],"wp:attachment":[{"href":"https:\/\/www.fuldaernachrichten.de\/index.php?rest_route=%2Fwp%2Fv2%2Fmedia&parent=162404"}],"wp:term":[{"taxonomy":"category","embeddable":true,"href":"https:\/\/www.fuldaernachrichten.de\/index.php?rest_route=%2Fwp%2Fv2%2Fcategories&post=162404"},{"taxonomy":"post_tag","embeddable":true,"href":"https:\/\/www.fuldaernachrichten.de\/index.php?rest_route=%2Fwp%2Fv2%2Ftags&post=162404"}],"curies":[{"name":"wp","href":"https:\/\/api.w.org\/{rel}","templated":true}]}}