{"id":162388,"date":"2017-04-22T10:17:41","date_gmt":"2017-04-22T08:17:41","guid":{"rendered":"http:\/\/www.fuldaer-nachrichten.de\/?p=162388"},"modified":"2017-04-22T10:17:41","modified_gmt":"2017-04-22T08:17:41","slug":"umbesetzung-wegen-krankheit","status":"publish","type":"post","link":"https:\/\/www.fuldaernachrichten.de\/?p=162388","title":{"rendered":"Umbesetzung wegen Krankheit"},"content":{"rendered":"<p>Carsten Klemm, der die Figur des Jakob Fugger in \u201eMartin Luther &amp; Thomas M\u00fcnzer\u201c spielen sollte, ist leider erkrankt, weshalb nun sein Kollege Jan Uplegger in die Rolle des Augsburger Bankiers und Unternehmers schl\u00fcpfen wird.<\/p>\n<p>Nach einem Schauspielstudium am Max-Reinhardt-Seminar in Wien sowie am Conservatoire National Sup\u00e9rieur d\u00e2\u20ac\u2122Art Dramatique Paris folgten f\u00fcr den mittlerweile in Berlin lebenden Schauspieler und Sprecher Engagements in Stuttgart (Theater Rampe), am Zimmertheater T\u00fcbingen, in Frankfurt\/Oder, Stendal und Gie\u00dfen. Am Stadttheater Gie\u00dfen war er z. B. als Teddy Brewster in \u201eArsen und Spitzenh\u00e4ubchen\u201c von Kesselring bzw. als Josef Hufnagel in Nussbaumeders \u201eEisenstein\u201c zu sehen. In Berlin f\u00fchrte ihn seine schauspielerische T\u00e4tigkeit u.a. an die Volksb\u00fchne, die Neuk\u00f6llner Oper, das Theater an der Parkaue, die \u201esophiensaele\u201c und ans Theater Thikwa. Als Sprecher ist er vorwiegend f\u00fcr Deutschlandradio Kultur und audible t\u00e4tig. Zuletzt war er am Stuttgarter Studiotheater im Projekt \u201eProfugus \u2013 Der Fl\u00fcchtling\u201c (Regie: Christine Gnann) und Ibsens \u201eRosmersholm\u201c (Regie: Christian Fries) zu sehen. Am Alten Schauspielhaus Stuttgart spielte er Golda Meir in der Urauff\u00fchrung von Joshua Sobols \u201eBlutgeld\u201c (Regie: Ulf Dietrich).<\/p>\n<p>Zu Upleggers wichtigsten Filmrollen geh\u00f6ren die Hauptrolle in der polnischen Tragikom\u00f6die \u201eEs lebe die Beerdigung!!!\u201c und die Titelrolle in der Berliner Politsatire \u201eUli Maa\u00dflos\u201c.<\/p>\n<p>&nbsp;<\/p>\n<p><b>Martin Luther &amp; Thomas M\u00fcnzer\u00c2\u00a0<\/b><\/p>\n<p><b>oder Die Einf\u00fchrung der Buchhaltung<\/b><br \/>\n<b>Schauspiel von Dieter Forte<\/b><\/p>\n<p>Schauspielb\u00fchnen in Stuttgart, Altes Schauspielhaus<\/p>\n<p><b>Schlosstheater Fulda<\/b><\/p>\n<p><b>Donnerstag, 27. April 2017, 20.00 Uhr<\/b><\/p>\n<p>Dauer: ca. 2h 30\u00e2\u20ac\u02dc<\/p>\n<p>Pause: ca. 21.30h<br \/>\nInszenierung Manfred Langner<\/p>\n<p>Darsteller Jan Uplegger, Armin Jung,<\/p>\n<p>Sophie Schmidt, Gregor Eckert u. a<\/p>\n<p>\u201eDas St\u00fcck spielt von 1514 bis 1525. Dass die Bez\u00fcge auf unsere Zeit so klar und un\u00fcbersehbar sind, hat mich selbst \u00fcberrascht. Es bedurfte keiner Aktualisierung, keiner f\u00fcr das Theater zurechtgebogenen Konfrontation. Es gibt anscheinend Konstellationen, die sich modellhaft wiederholen\u201c, so Autor Dieter Forte.<\/p>\n<p>Es geht um Menschen im Netz der Macht. Es geht um wechselnde Allianzen und die Verflechtungen von Kirchengeschichte, Politik und Wirtschaftsgeschichte zur Zeit der Reformation. In spannenden Handlungsstr\u00e4ngen stellt Forte Lebensstationen Luthers denen der Entscheidungstr\u00e4ger der Epoche (Kaiser, Papst, Kurf\u00fcrsten) gegen\u00fcber, die seine Lehre f\u00fcr ihre wirtschaftlichen und machtpolitischen Ziele missbrauchen. Drahtzieher im Hintergrund ist Jakob Fugger, in dessen Bankgesch\u00e4fte alle eher mehr als weniger verstrickt sind.<\/p>\n<p>Forte: \u201eEs geht um Fuggers Einf\u00fchrung der Buchhaltung. Es geht um die erste gro\u00dfe deutsche Revolution. Dass beides zusammenf\u00e4llt, ist vielleicht kein Zufall.\u201c<\/p>\n<p>Auf 40 B\u00fchnen in zehn L\u00e4ndern sorgte Fortes mit ebenso scharfsinnigem wie scharfz\u00fcngigem Humor geschriebenes St\u00fcck bei Zuschauern wie Kritikern f\u00fcr Furore. Die weltweiten Auff\u00fchrungen, u. a. in den USA, in Japan, Frankreich, Italien, Rum\u00e4nien, Ungarn, in der T\u00fcrkei, den Niederlanden und in der ehemaligen UdSSR, beweisen mehr als alles andere die Bedeutung des Werkes. Es gibt nur wenige deutsche Dramatiker mit vergleichbarer, geradezu \u00fcberw\u00e4ltigender internationaler Zugkraft.<\/p>\n<p>\u00dcbrigens: Auch f\u00fcr den kleinen Plausch nach der Vorstellung bietet die P\u00e4chterin des Theaterfoyers seit kurzem Getr\u00e4nke und kleine Snacks an.<\/p>\n<p>Tickets sind erh\u00e4ltlich im B\u00fcrgerb\u00fcro, Schlossstr. 1, und im Theaterb\u00fcro, Schlossstr. 5, Telefon: 0661 102-1483. Online-Buchungen k\u00f6nnen unter <a href=\"http:\/\/www.eventim.de\">www.eventim.de<\/a> vorgenommen werden.<\/p>\n","protected":false},"excerpt":{"rendered":"<div class=\"tmnf_excerpt\"><p>Carsten Klemm, der die Figur des Jakob Fugger in \u201eMartin Luther &amp; Thomas M\u00fcnzer\u201c spielen sollte, ist leider erkrankt, weshalb nun sein Kollege Jan Uplegger in die Rolle des Augsburger Bankiers und Unternehmers schl\u00fcpfen wird. Nach einem Schauspielstudium am Max-Reinhardt-Seminar in Wien sowie am Conservatoire National Sup\u00e9rieur d\u00e2\u20ac\u2122Art Dramatique Paris folgten f\u00fcr den mittlerweile in &hellip;<\/p>\n<\/div>","protected":false},"author":1,"featured_media":162393,"comment_status":"closed","ping_status":"closed","sticky":false,"template":"","format":"standard","meta":{"footnotes":""},"categories":[1],"tags":[],"class_list":["post-162388","post","type-post","status-publish","format-standard","has-post-thumbnail","hentry","category-startseite"],"_links":{"self":[{"href":"https:\/\/www.fuldaernachrichten.de\/index.php?rest_route=\/wp\/v2\/posts\/162388","targetHints":{"allow":["GET"]}}],"collection":[{"href":"https:\/\/www.fuldaernachrichten.de\/index.php?rest_route=\/wp\/v2\/posts"}],"about":[{"href":"https:\/\/www.fuldaernachrichten.de\/index.php?rest_route=\/wp\/v2\/types\/post"}],"author":[{"embeddable":true,"href":"https:\/\/www.fuldaernachrichten.de\/index.php?rest_route=\/wp\/v2\/users\/1"}],"replies":[{"embeddable":true,"href":"https:\/\/www.fuldaernachrichten.de\/index.php?rest_route=%2Fwp%2Fv2%2Fcomments&post=162388"}],"version-history":[{"count":1,"href":"https:\/\/www.fuldaernachrichten.de\/index.php?rest_route=\/wp\/v2\/posts\/162388\/revisions"}],"predecessor-version":[{"id":162394,"href":"https:\/\/www.fuldaernachrichten.de\/index.php?rest_route=\/wp\/v2\/posts\/162388\/revisions\/162394"}],"wp:featuredmedia":[{"embeddable":true,"href":"https:\/\/www.fuldaernachrichten.de\/index.php?rest_route=\/wp\/v2\/media\/162393"}],"wp:attachment":[{"href":"https:\/\/www.fuldaernachrichten.de\/index.php?rest_route=%2Fwp%2Fv2%2Fmedia&parent=162388"}],"wp:term":[{"taxonomy":"category","embeddable":true,"href":"https:\/\/www.fuldaernachrichten.de\/index.php?rest_route=%2Fwp%2Fv2%2Fcategories&post=162388"},{"taxonomy":"post_tag","embeddable":true,"href":"https:\/\/www.fuldaernachrichten.de\/index.php?rest_route=%2Fwp%2Fv2%2Ftags&post=162388"}],"curies":[{"name":"wp","href":"https:\/\/api.w.org\/{rel}","templated":true}]}}