{"id":162383,"date":"2017-04-22T10:15:03","date_gmt":"2017-04-22T08:15:03","guid":{"rendered":"http:\/\/www.fuldaer-nachrichten.de\/?p=162383"},"modified":"2017-04-22T10:15:03","modified_gmt":"2017-04-22T08:15:03","slug":"workshop-marketing-in-eigener-sache-fuer-frauen","status":"publish","type":"post","link":"https:\/\/www.fuldaernachrichten.de\/?p=162383","title":{"rendered":"Workshop \u201eMarketing in eigener Sache\u201c f\u00fcr Frauen"},"content":{"rendered":"<p>Zu einem Workshop zum Thema \u201eMarketing in eigener Sache \u2013 Die Marke Ich\u201c l\u00e4dt das Frauenb\u00fcro der Stadt Fulda am Samstag, 6. Mai, von 10 bis 16 Uhr ins Frauenzentrum Fulda, Schlossstra\u00dfe 12, ein.<\/p>\n<p>Sich selbst gut darzustellen und die eigenen Themen erfolgreich zu verkaufen, ist nicht nur im Zeitalter von \u201eSocial Media\u201c unerl\u00e4sslich. Die gezielte Positionierung in eigener Sache \u00f6ffnet T\u00fcren f\u00fcr den eigenen beruflichen Erfolg. Selbstmarketing ist eine erfolgreiche Strategie, die dazu verhilft, f\u00fcr die eigenen beruflichen Ziele einzustehen und sie zu erreichen.<\/p>\n<p>Der Workshop unter Leitung von Sigrid Knorr, Wirtschaftsp\u00e4dagogin und Businesscoach, gibt Impulse, die eigenen beruflichen und pers\u00f6nlichen Ziele zu konkretisieren und individuelle Strategien f\u00fcr eine erfolgreiche Umsetzung in der Praxis zu entwickeln.<\/p>\n<p><i>Anmeldung ist bis 28. April im Frauenb\u00fcro, Tel. 0661 102 1042, oder per Mail \u00fcber frauenbuero@fulda.de m\u00f6glich (Teilnahmebeitrag: 35 Euro).<\/i><\/p>\n","protected":false},"excerpt":{"rendered":"<div class=\"tmnf_excerpt\"><p>Zu einem Workshop zum Thema \u201eMarketing in eigener Sache \u2013 Die Marke Ich\u201c l\u00e4dt das Frauenb\u00fcro der Stadt Fulda am Samstag, 6. Mai, von 10 bis 16 Uhr ins Frauenzentrum Fulda, Schlossstra\u00dfe 12, ein. Sich selbst gut darzustellen und die eigenen Themen erfolgreich zu verkaufen, ist nicht nur im Zeitalter von \u201eSocial Media\u201c unerl\u00e4sslich. Die &hellip;<\/p>\n<\/div>","protected":false},"author":1,"featured_media":162384,"comment_status":"closed","ping_status":"closed","sticky":false,"template":"","format":"standard","meta":{"footnotes":""},"categories":[1],"tags":[],"class_list":["post-162383","post","type-post","status-publish","format-standard","has-post-thumbnail","hentry","category-startseite"],"_links":{"self":[{"href":"https:\/\/www.fuldaernachrichten.de\/index.php?rest_route=\/wp\/v2\/posts\/162383","targetHints":{"allow":["GET"]}}],"collection":[{"href":"https:\/\/www.fuldaernachrichten.de\/index.php?rest_route=\/wp\/v2\/posts"}],"about":[{"href":"https:\/\/www.fuldaernachrichten.de\/index.php?rest_route=\/wp\/v2\/types\/post"}],"author":[{"embeddable":true,"href":"https:\/\/www.fuldaernachrichten.de\/index.php?rest_route=\/wp\/v2\/users\/1"}],"replies":[{"embeddable":true,"href":"https:\/\/www.fuldaernachrichten.de\/index.php?rest_route=%2Fwp%2Fv2%2Fcomments&post=162383"}],"version-history":[{"count":1,"href":"https:\/\/www.fuldaernachrichten.de\/index.php?rest_route=\/wp\/v2\/posts\/162383\/revisions"}],"predecessor-version":[{"id":162385,"href":"https:\/\/www.fuldaernachrichten.de\/index.php?rest_route=\/wp\/v2\/posts\/162383\/revisions\/162385"}],"wp:featuredmedia":[{"embeddable":true,"href":"https:\/\/www.fuldaernachrichten.de\/index.php?rest_route=\/wp\/v2\/media\/162384"}],"wp:attachment":[{"href":"https:\/\/www.fuldaernachrichten.de\/index.php?rest_route=%2Fwp%2Fv2%2Fmedia&parent=162383"}],"wp:term":[{"taxonomy":"category","embeddable":true,"href":"https:\/\/www.fuldaernachrichten.de\/index.php?rest_route=%2Fwp%2Fv2%2Fcategories&post=162383"},{"taxonomy":"post_tag","embeddable":true,"href":"https:\/\/www.fuldaernachrichten.de\/index.php?rest_route=%2Fwp%2Fv2%2Ftags&post=162383"}],"curies":[{"name":"wp","href":"https:\/\/api.w.org\/{rel}","templated":true}]}}