{"id":162380,"date":"2017-04-22T10:16:16","date_gmt":"2017-04-22T08:16:16","guid":{"rendered":"http:\/\/www.fuldaer-nachrichten.de\/?p=162380"},"modified":"2017-04-22T10:16:16","modified_gmt":"2017-04-22T08:16:16","slug":"die-anmeldung-fuer-das-rhoensprudel-biosphaeren-camp-vom-1-bis-zum-5-august-endet-in-einer-woche","status":"publish","type":"post","link":"https:\/\/www.fuldaernachrichten.de\/?p=162380","title":{"rendered":"Die Anmeldung f\u00fcr das Rh\u00f6nSprudel Biosph\u00e4ren-Camp vom 1. bis zum 5. August endet in einer Woche"},"content":{"rendered":"<p>Nur noch 7 Tage lang haben Kinder im Alter zwischen 10 und 12 Jahren die Chance, sich f\u00fcr ein unvergessliches Ferienerlebnis zu bewerben. Die Anmeldefrist f\u00fcr das Rh\u00f6nSprudel Biosph\u00e4ren-Camp endet am 28. April.<\/p>\n<p>Zum insgesamt neunten Mal richtet der MineralBrunnen Rh\u00f6nSprudel das beliebte Biosph\u00e4ren-Camp im Ludwig-Wolker-Haus in Kleinsassen aus. Im Rahmen des Kinder- und Naturerlebnisprojekts l\u00e4dt Rh\u00f6nSprudel naturbegeisterte Kinder ein, spannende Abenteuer im Biosph\u00e4renreservat Rh\u00f6n zu erleben. Das 5-t\u00e4gige Ferienlager wird durch erfahrene Teamleiter der Jugendf\u00f6rderung des Landkreises Fulda und von den Biosph\u00e4ren-Rangern des Biosph\u00e4renreservats Rh\u00f6n betreut. Kleine Abenteurer k\u00f6nnen sich noch bis zum 28. April 2017 unter <a href=\"http:\/\/www.rhoensprudel-biosphaerencamp.de\/\">www.rhoensprudel-biosphaerencamp.de<\/a> f\u00fcr die spannenden Entdeckungstouren in der einzigartigen Natur bewerben und sich entweder als Einzelteilnehmer oder auch zusammen mit dem besten Freund oder der besten Freundin einen der hei\u00dfbegehrten 36 Pl\u00e4tze sichern. Die Pl\u00e4tze im Rh\u00f6nSprudel Biosph\u00e4ren-Camp sind kostenlos und werden nach Anmeldeschluss unter den Bewerbern verlost.<\/p>\n<p><b>Rh\u00f6nLama-Trekking und Nachtwanderungen sorgen f\u00fcr Abenteuer-Feeling <\/b><\/p>\n<p>Beim Rh\u00f6nSprudel Biosph\u00e4ren-Camp geht es um Spa\u00df, Abenteuerlust und Naturverbundenheit: Die Kinder gehen in Begleitung von ausgebildeten Gruppenleitern auf Walderlebnistouren und lernen spielerisch die einmalige Tier- und Pflanzenwelt des Biosph\u00e4renreservats kennen. So wird etwa in der Erlebnisb\u00e4ckerei Goldbach im Feuerloch eigenes Brot gebacken und spannende Ausfl\u00fcge, wie eine Erlebnistour mit den Rh\u00f6nLamas, eine Werksbesichtigung bei Rh\u00f6nSprudel oder ein Besuch der Flugschule auf der Wasserkuppe garantieren spannende Ferientage. Am Abend geht es dann entweder auf Fledermaus-Exkursion, zur Nachtwanderung oder die kleinen Abenteurer sitzen einfach gem\u00fctlich am Lagerfeuer beisammen, lauschen alten Geschichten und erwecken so abenteuerliche Rh\u00f6n-Sagen im passenden Ambiente zum Leben.<\/p>\n<p><b>Rh\u00f6nSprudel: Initiator der Biosph\u00e4ren-Camps<\/b><\/p>\n<p>Was ist das Biosph\u00e4renreservat und welchen Beitrag k\u00f6nnen Menschen leisten, um diese einzigartige Naturlandschaft zu erhalten? Auf diese Frage gibt das Rh\u00f6nSprudel Biosph\u00e4ren-Camp jungen Menschen eine spielerische und erlebnisreiche Antwort. Die Rh\u00f6nSprudel Biosph\u00e4ren-Camps werden seit 2010 jedes Jahr regelm\u00e4\u00dfig veranstaltet, mit dem Ziel, Kindern die einzigartige Natur des Biosph\u00e4renreservats n\u00e4herzubringen. Das Rh\u00f6nSprudel Biosph\u00e4ren-Camp 2017 wird, wie in den Jahren zuvor, in Verantwortung der Jugendf\u00f6rderung des Landkreises Fulda durchgef\u00fchrt und fachlich von den Biosph\u00e4ren-Rangern des Biosph\u00e4renreservats Rh\u00f6n, hessischer Teil, begleitet. Initiator und F\u00f6rderer ist der MineralBrunnen Rh\u00f6nSprudel.<\/p>\n<p>Detaillierte Informationen samt Anmeldebedingungen zum Rh\u00f6nSprudel Biosph\u00e4ren-Camp finden Sie auf<br \/>\n<b><a href=\"http:\/\/www.rhoensprudel-biosphaerencamp.de\/\">http:\/\/www.rhoensprudel-biosphaerencamp.de<\/a><\/b><\/p>\n<p><b>\u00dcber Rh\u00f6nSprudel:<\/b><\/p>\n<p>Bereits 1781 wurden die Quellen des MineralBrunnen Rh\u00f6nSprudel erschlossen, seit 1911 ist der Brunnenbetrieb im Besitz der Familie Schindel. Die Rh\u00f6nSprudel Gruppe geh\u00f6rt heute zu den Top 12 der mehr als 220 Mineralbrunnen in Deutschland. Diese Position unterstreicht die Qualit\u00e4t der Produkte, belohnt das weitsichtige Management sowie den Mut zu Innovation und Expansion. Der Erfolg ist ein st\u00e4ndiger Ansporn zur Verantwortung gegen\u00fcber Umwelt, Produktqualit\u00e4t, Kunden und Mitarbeitern.<\/p>\n","protected":false},"excerpt":{"rendered":"<div class=\"tmnf_excerpt\"><p>Nur noch 7 Tage lang haben Kinder im Alter zwischen 10 und 12 Jahren die Chance, sich f\u00fcr ein unvergessliches Ferienerlebnis zu bewerben. Die Anmeldefrist f\u00fcr das Rh\u00f6nSprudel Biosph\u00e4ren-Camp endet am 28. April. Zum insgesamt neunten Mal richtet der MineralBrunnen Rh\u00f6nSprudel das beliebte Biosph\u00e4ren-Camp im Ludwig-Wolker-Haus in Kleinsassen aus. Im Rahmen des Kinder- und Naturerlebnisprojekts &hellip;<\/p>\n<\/div>","protected":false},"author":1,"featured_media":162389,"comment_status":"closed","ping_status":"closed","sticky":false,"template":"","format":"standard","meta":{"footnotes":""},"categories":[1],"tags":[],"class_list":["post-162380","post","type-post","status-publish","format-standard","has-post-thumbnail","hentry","category-startseite"],"_links":{"self":[{"href":"https:\/\/www.fuldaernachrichten.de\/index.php?rest_route=\/wp\/v2\/posts\/162380","targetHints":{"allow":["GET"]}}],"collection":[{"href":"https:\/\/www.fuldaernachrichten.de\/index.php?rest_route=\/wp\/v2\/posts"}],"about":[{"href":"https:\/\/www.fuldaernachrichten.de\/index.php?rest_route=\/wp\/v2\/types\/post"}],"author":[{"embeddable":true,"href":"https:\/\/www.fuldaernachrichten.de\/index.php?rest_route=\/wp\/v2\/users\/1"}],"replies":[{"embeddable":true,"href":"https:\/\/www.fuldaernachrichten.de\/index.php?rest_route=%2Fwp%2Fv2%2Fcomments&post=162380"}],"version-history":[{"count":1,"href":"https:\/\/www.fuldaernachrichten.de\/index.php?rest_route=\/wp\/v2\/posts\/162380\/revisions"}],"predecessor-version":[{"id":162390,"href":"https:\/\/www.fuldaernachrichten.de\/index.php?rest_route=\/wp\/v2\/posts\/162380\/revisions\/162390"}],"wp:featuredmedia":[{"embeddable":true,"href":"https:\/\/www.fuldaernachrichten.de\/index.php?rest_route=\/wp\/v2\/media\/162389"}],"wp:attachment":[{"href":"https:\/\/www.fuldaernachrichten.de\/index.php?rest_route=%2Fwp%2Fv2%2Fmedia&parent=162380"}],"wp:term":[{"taxonomy":"category","embeddable":true,"href":"https:\/\/www.fuldaernachrichten.de\/index.php?rest_route=%2Fwp%2Fv2%2Fcategories&post=162380"},{"taxonomy":"post_tag","embeddable":true,"href":"https:\/\/www.fuldaernachrichten.de\/index.php?rest_route=%2Fwp%2Fv2%2Ftags&post=162380"}],"curies":[{"name":"wp","href":"https:\/\/api.w.org\/{rel}","templated":true}]}}