{"id":162371,"date":"2017-04-22T10:12:52","date_gmt":"2017-04-22T08:12:52","guid":{"rendered":"http:\/\/www.fuldaer-nachrichten.de\/?p=162371"},"modified":"2017-04-22T10:12:52","modified_gmt":"2017-04-22T08:12:52","slug":"grosses-fruehlingsfest-im-bildungsunternehmen-dr-jordan","status":"publish","type":"post","link":"https:\/\/www.fuldaernachrichten.de\/?p=162371","title":{"rendered":"Gro\u00dfes Fr\u00fchlingsfest im Bildungsunternehmen Dr. Jordan"},"content":{"rendered":"<p>Schule erleben, Spa\u00df haben und sich gleichzeitig \u00fcber verschiedene Bildungswege informieren: Das Team des Bildungsunternehmens Dr. Jordan l\u00e4dt am Samstag, 13. Mai, von 10:00 bis 15:30 Uhr zum Fr\u00fchlingsfest in die Rabanusstra\u00dfe 40 &#8211; 42 in Fulda ein. Angefangen bei den J\u00fcngsten der Reception Class \u00fcber die Grund- und Realschule bis zu den \u201eGro\u00dfen\u201c in Wirtschaftsgymnasium und Fachoberschule, beteiligen sich alle Sch\u00fcler am unterhaltsamen und abwechslungsreichen Programm. Dazu z\u00e4hlen ein spannender Sansibar-Vortrag, eine Gruselbahn oder ein aufregender PlayStation-4-Wettbewerb. Beim Kinderschminken, einem Sinnesparcours und einer Fotoboxaktion mit tollen Preisen gibt es auch f\u00fcr die kleinsten Besucher etwas zu erleben. Neben den zahlreichen Aktivit\u00e4ten k\u00f6nnen sich die G\u00e4ste selbstgebackene Kuchen und Waffeln schmecken lassen oder bei Slush-Eis-Cocktails ausruhen. F\u00fcr Liebhaber herzhafter Gerichte bieten die Mitarbeiter von Jordan\u00e2\u20ac\u02dcs Mensa an ihrer Grillstation ein breites Angebot an deftigen Speisen. Die sogenannten \u201eMay-I-help-you-Kids\u201c f\u00fchren interessierte G\u00e4ste durch das Schulgeb\u00e4ude und informieren \u00fcber das Bildungsportfolio der verschiedenen Schulformen.<\/p>\n<p>Wer nicht am Sommerfest teilnehmen kann und sich dennoch \u00fcber das umfangreiche Bildungsangebot informieren m\u00f6chte, kann unter der Rufnummer 0661 90272-0 einen pers\u00f6nlichen Beratungstermin vereinbaren.<\/p>\n","protected":false},"excerpt":{"rendered":"<div class=\"tmnf_excerpt\"><p>Schule erleben, Spa\u00df haben und sich gleichzeitig \u00fcber verschiedene Bildungswege informieren: Das Team des Bildungsunternehmens Dr. Jordan l\u00e4dt am Samstag, 13. Mai, von 10:00 bis 15:30 Uhr zum Fr\u00fchlingsfest in die Rabanusstra\u00dfe 40 &#8211; 42 in Fulda ein. Angefangen bei den J\u00fcngsten der Reception Class \u00fcber die Grund- und Realschule bis zu den \u201eGro\u00dfen\u201c in &hellip;<\/p>\n<\/div>","protected":false},"author":1,"featured_media":0,"comment_status":"closed","ping_status":"closed","sticky":false,"template":"","format":"standard","meta":{"footnotes":""},"categories":[1],"tags":[],"class_list":["post-162371","post","type-post","status-publish","format-standard","hentry","category-startseite"],"_links":{"self":[{"href":"https:\/\/www.fuldaernachrichten.de\/index.php?rest_route=\/wp\/v2\/posts\/162371","targetHints":{"allow":["GET"]}}],"collection":[{"href":"https:\/\/www.fuldaernachrichten.de\/index.php?rest_route=\/wp\/v2\/posts"}],"about":[{"href":"https:\/\/www.fuldaernachrichten.de\/index.php?rest_route=\/wp\/v2\/types\/post"}],"author":[{"embeddable":true,"href":"https:\/\/www.fuldaernachrichten.de\/index.php?rest_route=\/wp\/v2\/users\/1"}],"replies":[{"embeddable":true,"href":"https:\/\/www.fuldaernachrichten.de\/index.php?rest_route=%2Fwp%2Fv2%2Fcomments&post=162371"}],"version-history":[{"count":1,"href":"https:\/\/www.fuldaernachrichten.de\/index.php?rest_route=\/wp\/v2\/posts\/162371\/revisions"}],"predecessor-version":[{"id":162375,"href":"https:\/\/www.fuldaernachrichten.de\/index.php?rest_route=\/wp\/v2\/posts\/162371\/revisions\/162375"}],"wp:attachment":[{"href":"https:\/\/www.fuldaernachrichten.de\/index.php?rest_route=%2Fwp%2Fv2%2Fmedia&parent=162371"}],"wp:term":[{"taxonomy":"category","embeddable":true,"href":"https:\/\/www.fuldaernachrichten.de\/index.php?rest_route=%2Fwp%2Fv2%2Fcategories&post=162371"},{"taxonomy":"post_tag","embeddable":true,"href":"https:\/\/www.fuldaernachrichten.de\/index.php?rest_route=%2Fwp%2Fv2%2Ftags&post=162371"}],"curies":[{"name":"wp","href":"https:\/\/api.w.org\/{rel}","templated":true}]}}