{"id":162370,"date":"2017-04-22T10:12:32","date_gmt":"2017-04-22T08:12:32","guid":{"rendered":"http:\/\/www.fuldaer-nachrichten.de\/?p=162370"},"modified":"2017-04-22T10:12:32","modified_gmt":"2017-04-22T08:12:32","slug":"literarische-spurensuche-in-frankfurt","status":"publish","type":"post","link":"https:\/\/www.fuldaernachrichten.de\/?p=162370","title":{"rendered":"Literarische Spurensuche in Frankfurt"},"content":{"rendered":"<p><strong>Die Volkshochschule der Stadt Fulda bietet am Mittwoch, 26. April, eine literarische Fahrt nach Frankfurt an. Auf den Spuren des Romans \u201eBenjamin und seine V\u00e4ter\u201c von Herbert Heckmann f\u00fchrt Christian Setzepfandt durch das Frankfurter Nordend. Auskunft und Anmeldung \u00fcber die vhs-Gesch\u00e4ftsstelle, Unterm Hl. Kreuz 1, Telefon 0661\/102-1477 oder -1474.<\/strong><\/p>\n<p><strong>\u00c2\u00a0<\/strong><\/p>\n","protected":false},"excerpt":{"rendered":"<div class=\"tmnf_excerpt\"><p>Die Volkshochschule der Stadt Fulda bietet am Mittwoch, 26. April, eine literarische Fahrt nach Frankfurt an. Auf den Spuren des Romans \u201eBenjamin und seine V\u00e4ter\u201c von Herbert Heckmann f\u00fchrt Christian Setzepfandt durch das Frankfurter Nordend. Auskunft und Anmeldung \u00fcber die vhs-Gesch\u00e4ftsstelle, Unterm Hl. Kreuz 1, Telefon 0661\/102-1477 oder -1474. \u00c2\u00a0<\/p>\n<\/div>","protected":false},"author":1,"featured_media":0,"comment_status":"closed","ping_status":"closed","sticky":false,"template":"","format":"standard","meta":{"footnotes":""},"categories":[1],"tags":[],"class_list":["post-162370","post","type-post","status-publish","format-standard","hentry","category-startseite"],"_links":{"self":[{"href":"https:\/\/www.fuldaernachrichten.de\/index.php?rest_route=\/wp\/v2\/posts\/162370","targetHints":{"allow":["GET"]}}],"collection":[{"href":"https:\/\/www.fuldaernachrichten.de\/index.php?rest_route=\/wp\/v2\/posts"}],"about":[{"href":"https:\/\/www.fuldaernachrichten.de\/index.php?rest_route=\/wp\/v2\/types\/post"}],"author":[{"embeddable":true,"href":"https:\/\/www.fuldaernachrichten.de\/index.php?rest_route=\/wp\/v2\/users\/1"}],"replies":[{"embeddable":true,"href":"https:\/\/www.fuldaernachrichten.de\/index.php?rest_route=%2Fwp%2Fv2%2Fcomments&post=162370"}],"version-history":[{"count":1,"href":"https:\/\/www.fuldaernachrichten.de\/index.php?rest_route=\/wp\/v2\/posts\/162370\/revisions"}],"predecessor-version":[{"id":162373,"href":"https:\/\/www.fuldaernachrichten.de\/index.php?rest_route=\/wp\/v2\/posts\/162370\/revisions\/162373"}],"wp:attachment":[{"href":"https:\/\/www.fuldaernachrichten.de\/index.php?rest_route=%2Fwp%2Fv2%2Fmedia&parent=162370"}],"wp:term":[{"taxonomy":"category","embeddable":true,"href":"https:\/\/www.fuldaernachrichten.de\/index.php?rest_route=%2Fwp%2Fv2%2Fcategories&post=162370"},{"taxonomy":"post_tag","embeddable":true,"href":"https:\/\/www.fuldaernachrichten.de\/index.php?rest_route=%2Fwp%2Fv2%2Ftags&post=162370"}],"curies":[{"name":"wp","href":"https:\/\/api.w.org\/{rel}","templated":true}]}}