{"id":162365,"date":"2017-04-22T10:11:01","date_gmt":"2017-04-22T08:11:01","guid":{"rendered":"http:\/\/www.fuldaer-nachrichten.de\/?p=162365"},"modified":"2017-04-22T10:11:01","modified_gmt":"2017-04-22T08:11:01","slug":"worldskills-2017-in-abu-dhabi-patrick-roeder-aus-fulda-startet-fuer-das-deutsche-maler-und-lackiererhandwerk","status":"publish","type":"post","link":"https:\/\/www.fuldaernachrichten.de\/?p=162365","title":{"rendered":"WorldSkills 2017 in Abu Dhabi: Patrick R\u00f6der aus Fulda startet f\u00fcr das deutsche Maler- und Lackiererhandwerk"},"content":{"rendered":"<div class=\"page\" title=\"Page 1\">\n<div class=\"section\">\n<div class=\"layoutArea\">\n<div class=\"column\">\n<p>Junge Menschen f\u00fcr seinen Beruf begeistern und Botschafter f\u00fcr das Malerhandwerk sein will Patrick R\u00f6der. Der 19-j\u00e4hrige absolviert derzeit eine Ausbildung zum Malermeister und Staatlich gepr\u00fcften Techniker f\u00fcr Farb- und Lacktechnik an der Ferdinand-Braun- Schule in Fulda. F\u00fcr den jungen Handwerker, der seine Gesellenpr\u00fcfung als Jahrgangsbester der Landesinnung Hessen abschloss, ist freie Zeit momentan ein Fremd- wort. Denn er geh\u00f6rt zum Team Germany, das im Oktober in Abu Dhabi bei den 44. WorldSkills, den Weltmeister- schaften der Handwerksberufe, gegen die Besten der Welt antritt. \u00dcber 1 200 junge Fachkr\u00e4fte aus 77 L\u00e4ndern und Regionen messen sich dort in 51 Skills \/ Disziplinen.<\/p>\n<p>\u201eDank der tollen Unterst\u00fctzung der Sto-Stiftung kann ich mich voll auf die Wettkampfaufgaben konzentrieren. R\u00fcckendeckung bekomme ich von meiner Familie \u2013 mein Vater ist selbst auch Maler \u2013 und von meinem Ausbildungsbetrieb Herm. Hohmann GmbH Baudekora- tion in Fulda. Das Training bei Gregor Botzet im Bundesleistungszentrum an der Ferdinand-Braun-Schule fordert mich intensiv. Aber es ist ein tolles Gef\u00fchl f\u00fcr mich, zu sp\u00fcren, dass ich immer besser werde\u201c, berichtet Patrick.<\/p>\n<p>Zus\u00e4tzlich wird der Titelanw\u00e4rter auf die besonderen Anforderungen im Wettkampf vorbereitet, beispiels- weise mit mentalem Training, besonders wichtig f\u00fcr das Arbeiten unter Zeitdruck. Damit r\u00fcckt Patricks Ziel, in Abu Dhabi gut abzuschneiden und sogar aufs Treppchen zu kommen, nach Meinung seines Trainers in greifbare N\u00e4he.<\/p>\n<p>Partner des Teams ist die gemeinn\u00fctzige Sto-Stiftung, die sich seit 2006 der F\u00f6rderung junger Maler und Stuckateure verschrieben hat. F\u00fcr Stiftungsrat Konrad Richter ein perfektes Instrument der Bestenf\u00f6rderung: \u201eMaler und Lackierer ist ein farbiger Beruf mit Zukunft. Und es lohnt sich, zu den Besten zu geh\u00f6ren. Deshalb unterst\u00fctzen wir Patrick und dr\u00fccken die Daumen f\u00fcr eine gute Platzierung.\u201c Ma\u00dfgebliche Unterst\u00fctzung erf\u00e4hrt Patrick R\u00f6der auch vom Landesinnungsverband Hessen f\u00fcr das Maler- und Lackiererhandwerk. Die Ge- sch\u00e4ftsf\u00fchrerin des LIV, Ingeborg Totzke: \u201ePatrick ist ein hervorragender Botschafter f\u00fcr unser Handwerk. Er hat es mit Ehrgeiz und Talent schon weit gebracht und wird es hoffentlich auch aufs Treppchen schaffen!\u201c<\/p>\n<\/div>\n<\/div>\n<\/div>\n<\/div>\n<div class=\"page\" title=\"Page 2\"><\/div>\n","protected":false},"excerpt":{"rendered":"<div class=\"tmnf_excerpt\"><p>Junge Menschen f\u00fcr seinen Beruf begeistern und Botschafter f\u00fcr das Malerhandwerk sein will Patrick R\u00f6der. Der 19-j\u00e4hrige absolviert derzeit eine Ausbildung zum Malermeister und Staatlich gepr\u00fcften Techniker f\u00fcr Farb- und Lacktechnik an der Ferdinand-Braun- Schule in Fulda. F\u00fcr den jungen Handwerker, der seine Gesellenpr\u00fcfung als Jahrgangsbester der Landesinnung Hessen abschloss, ist freie Zeit momentan ein &hellip;<\/p>\n<\/div>","protected":false},"author":1,"featured_media":0,"comment_status":"closed","ping_status":"closed","sticky":false,"template":"","format":"standard","meta":{"footnotes":""},"categories":[1],"tags":[],"class_list":["post-162365","post","type-post","status-publish","format-standard","hentry","category-startseite"],"_links":{"self":[{"href":"https:\/\/www.fuldaernachrichten.de\/index.php?rest_route=\/wp\/v2\/posts\/162365","targetHints":{"allow":["GET"]}}],"collection":[{"href":"https:\/\/www.fuldaernachrichten.de\/index.php?rest_route=\/wp\/v2\/posts"}],"about":[{"href":"https:\/\/www.fuldaernachrichten.de\/index.php?rest_route=\/wp\/v2\/types\/post"}],"author":[{"embeddable":true,"href":"https:\/\/www.fuldaernachrichten.de\/index.php?rest_route=\/wp\/v2\/users\/1"}],"replies":[{"embeddable":true,"href":"https:\/\/www.fuldaernachrichten.de\/index.php?rest_route=%2Fwp%2Fv2%2Fcomments&post=162365"}],"version-history":[{"count":1,"href":"https:\/\/www.fuldaernachrichten.de\/index.php?rest_route=\/wp\/v2\/posts\/162365\/revisions"}],"predecessor-version":[{"id":162366,"href":"https:\/\/www.fuldaernachrichten.de\/index.php?rest_route=\/wp\/v2\/posts\/162365\/revisions\/162366"}],"wp:attachment":[{"href":"https:\/\/www.fuldaernachrichten.de\/index.php?rest_route=%2Fwp%2Fv2%2Fmedia&parent=162365"}],"wp:term":[{"taxonomy":"category","embeddable":true,"href":"https:\/\/www.fuldaernachrichten.de\/index.php?rest_route=%2Fwp%2Fv2%2Fcategories&post=162365"},{"taxonomy":"post_tag","embeddable":true,"href":"https:\/\/www.fuldaernachrichten.de\/index.php?rest_route=%2Fwp%2Fv2%2Ftags&post=162365"}],"curies":[{"name":"wp","href":"https:\/\/api.w.org\/{rel}","templated":true}]}}