{"id":162357,"date":"2017-04-21T10:45:47","date_gmt":"2017-04-21T08:45:47","guid":{"rendered":"http:\/\/www.fuldaer-nachrichten.de\/?p=162357"},"modified":"2017-04-21T10:45:47","modified_gmt":"2017-04-21T08:45:47","slug":"aus-der-aktion-brasilien-wird-die-aktion-eine-welt","status":"publish","type":"post","link":"https:\/\/www.fuldaernachrichten.de\/?p=162357","title":{"rendered":"Aus der \u201eAktion Brasilien\u201c wird die \u201eAktion Eine Welt\u201c"},"content":{"rendered":"<p>Zahlreiche Angebote erwarten die Besucher am Samstag, den 29. April 2017 zwischen 10 und 16 Uhr auf dem Universit\u00e4tsplatz in Fulda: Infost\u00e4nde rund um die EINE Welt, ein spannendes und attraktives B\u00fchnenprogramm mit prominenten G\u00e4sten und viel Musik, kulinarische Leckerbissen und allerlei Unterhaltsames f\u00fcr Kinder werden geboten. Auf der B\u00fchne erwartet werden unter anderem Schirmherr Oberb\u00fcrgermeister Dr. Heiko Wingenfeld, der Generalpr\u00e4ses des Kolpingwerkes, Msgr. Ottmar Dillenburg, Generalvikar Prof. Dr. Gerhard Stanke sowie ein Vertreter des Entwicklungsministeriums\u00c2\u00a0 aus Berlin. Als besonderes musikalisches Highlight f\u00fcr Familien tritt \u201eHerr M\u00fcller und seine Gitarre\u201c auf.<\/p>\n<p>Anlass des Aktionstages ist ein Namenswechsel: Aus der \u00fcberaus erfolgreichen und bistumsweit bekannten \u201eAKTION BRASILIEN\u201c des Kolpingwerkes wird ab dem kommenden Jahr die \u201eAKTION EINE WELT\u201c.\u00c2\u00a0 Als sie 1973 ins Leben gerufen wurde, ging es darum, in Zusammenarbeit mit Fuldaer Di\u00f6zesanpriestern die \u00c4rmsten in Brasilien zu unterst\u00fctzen. Inzwischen werden aus den Erl\u00f6sen der Aktion weltweit Projekte der \u201eHilfe zur Selbsthilfe\u201c unterst\u00fctzt. Dieser Entwicklung will das Kolpingwerk mit dem neuen Namen und neuen Inhalten Rechnung tragen. Erfolgreichste Aktion im Rahmen der \u201eAktion Brasilien\u201c ist die j\u00e4hrliche Altkleidersammlung. Sie findet in diesem Jahr am 6. Mai 2017 in der Region Fulda und am 13. Mai 2017 in der Region Nordhessen, Oberhessen und Main-Kinzig statt.<\/p>\n<p><a href=\"http:\/\/www.fuldaer-nachrichten.de\/wp-content\/uploads\/2017\/04\/2017-04-04-Flyer-Aktionstag-Eine-Welt_Druckdaten.pdf\">2017-04-04 Flyer Aktionstag Eine Welt_Druckdaten<\/a><\/p>\n","protected":false},"excerpt":{"rendered":"<div class=\"tmnf_excerpt\"><p>Zahlreiche Angebote erwarten die Besucher am Samstag, den 29. April 2017 zwischen 10 und 16 Uhr auf dem Universit\u00e4tsplatz in Fulda: Infost\u00e4nde rund um die EINE Welt, ein spannendes und attraktives B\u00fchnenprogramm mit prominenten G\u00e4sten und viel Musik, kulinarische Leckerbissen und allerlei Unterhaltsames f\u00fcr Kinder werden geboten. Auf der B\u00fchne erwartet werden unter anderem Schirmherr &hellip;<\/p>\n<\/div>","protected":false},"author":1,"featured_media":162360,"comment_status":"closed","ping_status":"closed","sticky":false,"template":"","format":"standard","meta":{"footnotes":""},"categories":[1],"tags":[],"class_list":["post-162357","post","type-post","status-publish","format-standard","has-post-thumbnail","hentry","category-startseite"],"_links":{"self":[{"href":"https:\/\/www.fuldaernachrichten.de\/index.php?rest_route=\/wp\/v2\/posts\/162357","targetHints":{"allow":["GET"]}}],"collection":[{"href":"https:\/\/www.fuldaernachrichten.de\/index.php?rest_route=\/wp\/v2\/posts"}],"about":[{"href":"https:\/\/www.fuldaernachrichten.de\/index.php?rest_route=\/wp\/v2\/types\/post"}],"author":[{"embeddable":true,"href":"https:\/\/www.fuldaernachrichten.de\/index.php?rest_route=\/wp\/v2\/users\/1"}],"replies":[{"embeddable":true,"href":"https:\/\/www.fuldaernachrichten.de\/index.php?rest_route=%2Fwp%2Fv2%2Fcomments&post=162357"}],"version-history":[{"count":1,"href":"https:\/\/www.fuldaernachrichten.de\/index.php?rest_route=\/wp\/v2\/posts\/162357\/revisions"}],"predecessor-version":[{"id":162362,"href":"https:\/\/www.fuldaernachrichten.de\/index.php?rest_route=\/wp\/v2\/posts\/162357\/revisions\/162362"}],"wp:featuredmedia":[{"embeddable":true,"href":"https:\/\/www.fuldaernachrichten.de\/index.php?rest_route=\/wp\/v2\/media\/162360"}],"wp:attachment":[{"href":"https:\/\/www.fuldaernachrichten.de\/index.php?rest_route=%2Fwp%2Fv2%2Fmedia&parent=162357"}],"wp:term":[{"taxonomy":"category","embeddable":true,"href":"https:\/\/www.fuldaernachrichten.de\/index.php?rest_route=%2Fwp%2Fv2%2Fcategories&post=162357"},{"taxonomy":"post_tag","embeddable":true,"href":"https:\/\/www.fuldaernachrichten.de\/index.php?rest_route=%2Fwp%2Fv2%2Ftags&post=162357"}],"curies":[{"name":"wp","href":"https:\/\/api.w.org\/{rel}","templated":true}]}}