{"id":162348,"date":"2017-04-21T10:46:09","date_gmt":"2017-04-21T08:46:09","guid":{"rendered":"http:\/\/www.fuldaer-nachrichten.de\/?p=162348"},"modified":"2017-04-21T10:46:09","modified_gmt":"2017-04-21T08:46:09","slug":"erster-kinder-und-jugendflohmarkt-der-saison-am-6-mai","status":"publish","type":"post","link":"https:\/\/www.fuldaernachrichten.de\/?p=162348","title":{"rendered":"Erster Kinder- und Jugendflohmarkt der Saison am 6. Mai"},"content":{"rendered":"<p>Unter der Regie des Amts f\u00fcr Jugend, Familie und Senioren der Stadt Fulda findet am Samstag, 6. Mai, wieder der traditionelle Kinder- und Jugendflohmarkt auf dem Fuldaer Universit\u00e4tsplatz statt.<\/p>\n<p>Hier k\u00f6nnen Kinder und Jugendliche bis zum Alter von 26 Jahren ihre Spielsachen, Kleidung. Fahrr\u00e4der etc. verkaufen, um z.B. Geld f\u00fcr neue Anschaffungen zu sparen. Kommerzielle H\u00e4ndler erhalten keine Standfl\u00e4chen. Auch in diesem Jahr k\u00f6nnen die Flohmarktst\u00e4nde erst ab 8 Uhr aufgebaut werden: Dies soll es auch Kindern erm\u00f6glichen, von Beginn an mitzuwirken, eine Voranmeldung ist nicht notwendig. Der Flohmarkt wird mit Unterst\u00fctzung von Jugendlichen, mit denen das Amt f\u00fcr Jugend, Familie und Senioren zusammenarbeitet, organisiert. F\u00fcr das leibliche Wohl werden Bratw\u00fcrstchen und Getr\u00e4nke verkauft. Der Abbau der St\u00e4nde erfolgt gegen 13.45 Uhr.<\/p>\n<p><i>Hinweis: Die Veranstaltungen finden immer jeweils am ersten Samstag der Monate Mai bis Oktober 2017 auf dem Universit\u00e4tsplatz statt. Einzige Ausnahme: im September 2017 wird der Flohmarkt &#8211; aufgrund der anstehenden Bundestagswahl \u2013 rund um die Stadtpfarrkirche bzw. auf dem Platz \u201eUnterm Heilig Kreuz\u201c organisiert.\u00c2\u00a0<\/i><\/p>\n<p>Weitere Infos erh\u00e4lt man unter www.fulda.de oder telefonisch unter (0661) 102-1978.<\/p>\n","protected":false},"excerpt":{"rendered":"<div class=\"tmnf_excerpt\"><p>Unter der Regie des Amts f\u00fcr Jugend, Familie und Senioren der Stadt Fulda findet am Samstag, 6. Mai, wieder der traditionelle Kinder- und Jugendflohmarkt auf dem Fuldaer Universit\u00e4tsplatz statt. Hier k\u00f6nnen Kinder und Jugendliche bis zum Alter von 26 Jahren ihre Spielsachen, Kleidung. Fahrr\u00e4der etc. verkaufen, um z.B. Geld f\u00fcr neue Anschaffungen zu sparen. Kommerzielle &hellip;<\/p>\n<\/div>","protected":false},"author":1,"featured_media":162363,"comment_status":"closed","ping_status":"closed","sticky":false,"template":"","format":"standard","meta":{"footnotes":""},"categories":[1],"tags":[],"class_list":["post-162348","post","type-post","status-publish","format-standard","has-post-thumbnail","hentry","category-startseite"],"_links":{"self":[{"href":"https:\/\/www.fuldaernachrichten.de\/index.php?rest_route=\/wp\/v2\/posts\/162348","targetHints":{"allow":["GET"]}}],"collection":[{"href":"https:\/\/www.fuldaernachrichten.de\/index.php?rest_route=\/wp\/v2\/posts"}],"about":[{"href":"https:\/\/www.fuldaernachrichten.de\/index.php?rest_route=\/wp\/v2\/types\/post"}],"author":[{"embeddable":true,"href":"https:\/\/www.fuldaernachrichten.de\/index.php?rest_route=\/wp\/v2\/users\/1"}],"replies":[{"embeddable":true,"href":"https:\/\/www.fuldaernachrichten.de\/index.php?rest_route=%2Fwp%2Fv2%2Fcomments&post=162348"}],"version-history":[{"count":1,"href":"https:\/\/www.fuldaernachrichten.de\/index.php?rest_route=\/wp\/v2\/posts\/162348\/revisions"}],"predecessor-version":[{"id":162364,"href":"https:\/\/www.fuldaernachrichten.de\/index.php?rest_route=\/wp\/v2\/posts\/162348\/revisions\/162364"}],"wp:featuredmedia":[{"embeddable":true,"href":"https:\/\/www.fuldaernachrichten.de\/index.php?rest_route=\/wp\/v2\/media\/162363"}],"wp:attachment":[{"href":"https:\/\/www.fuldaernachrichten.de\/index.php?rest_route=%2Fwp%2Fv2%2Fmedia&parent=162348"}],"wp:term":[{"taxonomy":"category","embeddable":true,"href":"https:\/\/www.fuldaernachrichten.de\/index.php?rest_route=%2Fwp%2Fv2%2Fcategories&post=162348"},{"taxonomy":"post_tag","embeddable":true,"href":"https:\/\/www.fuldaernachrichten.de\/index.php?rest_route=%2Fwp%2Fv2%2Ftags&post=162348"}],"curies":[{"name":"wp","href":"https:\/\/api.w.org\/{rel}","templated":true}]}}