{"id":162337,"date":"2017-04-21T10:42:11","date_gmt":"2017-04-21T08:42:11","guid":{"rendered":"http:\/\/www.fuldaer-nachrichten.de\/?p=162337"},"modified":"2017-04-21T10:42:11","modified_gmt":"2017-04-21T08:42:11","slug":"caritas-beraet-vor-ort-in-hilders","status":"publish","type":"post","link":"https:\/\/www.fuldaernachrichten.de\/?p=162337","title":{"rendered":"Caritas ber\u00e4t vor Ort in Hilders"},"content":{"rendered":"<p>Der Caritasverband f\u00fcr die Regionen Fulda und Geisa bietet ab Montag, 24. April im Caritas \u2013 Zentrum Hilders in der Stielerstra\u00dfe 20 \u201eBeratung vor Ort\u201c an. Die Einrichtung des Beratungsangebots der mobilen, aufsuchenden Beratung ist ein Anliegen von Gemeinde und dem regionalen Caritasverband und kooperiert mit dem Jugendhilfeverbund St. Elisabeth sowie der Caritas &#8211; Sozialstation Ulstergrund in der Mittelstra\u00dfe 2. Jede Woche montags in der Zeit von 10 bis 11 Uhr ist eine offene Sprechstunde zu der Hilfesuchende oder Interessierte ohne Termin kommen k\u00f6nnen, Sozialp\u00e4dagogin Veronika Wehner und Sozialp\u00e4dagogen Manfred Sauer stehen dort abwechselnd zur Verf\u00fcgung. Dar\u00fcber hinaus sind Terminvereinbarungen und Hausbesuche m\u00f6glich.<\/p>\n<p>\u201eBeratung vor Ort\u201c sei wichtig, da immer mehr rat- und hilfesuchende Menschen nicht mehr mobil seien, sich die Fahrt mit \u00f6ffentlichen Verkehrsmitteln aus dem Landkreis in die Stadt Fulda nicht leisten k\u00f6nnten und Angeh\u00f6rige nicht zur Verf\u00fcgung st\u00fcnden, so der stellvertretende Caritas Gesch\u00e4ftsf\u00fchrer und Bereichsleiter Werner Althaus.\u00c2\u00a0 Die Anonymit\u00e4t der Hilfesuchenden w\u00fcrde gewahrt und durch die Lage au\u00dferhalb des Ortszentrums die Hemmschwelle, die Beratung aufzusuchen, heruntergesetzt. Der Caritasverband f\u00fcr die Regionen Fulda und Geisa bietet diese Beratungsform seit dem Jahre 2011 im Wohngebiet Gallasiniring in Fulda sowie in Flieden und Neuhof erfolgreich an Die Nachfrage wachse st\u00e4ndig, sagt Werner Althaus. Die Not habe ein anderes Gesicht bekommen. Deshalb sei man gerne dem Wunsch der Gemeinde, dieses Angebot auch in Hilders zu etablieren, nachgekommen. \u201eBeratung vor Ort\u201c arbeite gegen den Zeitgeist der Verwaltungszentralisierung und stelle den Menschen in den Mittelpunkt.<\/p>\n<p>Beraten und unterst\u00fctzt wird in Sozial- und Lebensfragen, bei finanziellen Problemen, beim Ausf\u00fcllen von Antr\u00e4gen und Unterlagen, bei Fragen und Schwierigkeiten mit \u00c4mtern und Einrichtungen. Ebenso wird zu geeigneten Hilfeorganisationen vermittelt. Als weiteres Angebot ist der Einsatz der Energiesparchecker, einem Projekt der Caritas in Zusammenarbeit mit dem Landkreis Fulda, m\u00f6glich. Sie beraten einkommensschwache Personen und Familien beim effizienten Einsatz von Energie im Haushalt.<\/p>\n<p>Termin k\u00f6nnen au\u00dferhalb der Sprechstunde unter der Rufnummer 0176 \u2013 39 76 78 50 sowie 0661 2428-300 oder per Mail <a href=\"mailto:veronika.wehner@caritas-geisa.de\">veronika.wehner@caritas-geisa.de<\/a> bzw. <a href=\"mailto:manfred.sauer@caritas-fulda.de\">manfred.sauer@caritas-fulda.de<\/a>\u00c2\u00a0 vereinbart werden.<\/p>\n","protected":false},"excerpt":{"rendered":"<div class=\"tmnf_excerpt\"><p>Der Caritasverband f\u00fcr die Regionen Fulda und Geisa bietet ab Montag, 24. April im Caritas \u2013 Zentrum Hilders in der Stielerstra\u00dfe 20 \u201eBeratung vor Ort\u201c an. Die Einrichtung des Beratungsangebots der mobilen, aufsuchenden Beratung ist ein Anliegen von Gemeinde und dem regionalen Caritasverband und kooperiert mit dem Jugendhilfeverbund St. Elisabeth sowie der Caritas &#8211; Sozialstation &hellip;<\/p>\n<\/div>","protected":false},"author":1,"featured_media":162344,"comment_status":"closed","ping_status":"closed","sticky":false,"template":"","format":"standard","meta":{"footnotes":""},"categories":[1],"tags":[],"class_list":["post-162337","post","type-post","status-publish","format-standard","has-post-thumbnail","hentry","category-startseite"],"_links":{"self":[{"href":"https:\/\/www.fuldaernachrichten.de\/index.php?rest_route=\/wp\/v2\/posts\/162337","targetHints":{"allow":["GET"]}}],"collection":[{"href":"https:\/\/www.fuldaernachrichten.de\/index.php?rest_route=\/wp\/v2\/posts"}],"about":[{"href":"https:\/\/www.fuldaernachrichten.de\/index.php?rest_route=\/wp\/v2\/types\/post"}],"author":[{"embeddable":true,"href":"https:\/\/www.fuldaernachrichten.de\/index.php?rest_route=\/wp\/v2\/users\/1"}],"replies":[{"embeddable":true,"href":"https:\/\/www.fuldaernachrichten.de\/index.php?rest_route=%2Fwp%2Fv2%2Fcomments&post=162337"}],"version-history":[{"count":1,"href":"https:\/\/www.fuldaernachrichten.de\/index.php?rest_route=\/wp\/v2\/posts\/162337\/revisions"}],"predecessor-version":[{"id":162345,"href":"https:\/\/www.fuldaernachrichten.de\/index.php?rest_route=\/wp\/v2\/posts\/162337\/revisions\/162345"}],"wp:featuredmedia":[{"embeddable":true,"href":"https:\/\/www.fuldaernachrichten.de\/index.php?rest_route=\/wp\/v2\/media\/162344"}],"wp:attachment":[{"href":"https:\/\/www.fuldaernachrichten.de\/index.php?rest_route=%2Fwp%2Fv2%2Fmedia&parent=162337"}],"wp:term":[{"taxonomy":"category","embeddable":true,"href":"https:\/\/www.fuldaernachrichten.de\/index.php?rest_route=%2Fwp%2Fv2%2Fcategories&post=162337"},{"taxonomy":"post_tag","embeddable":true,"href":"https:\/\/www.fuldaernachrichten.de\/index.php?rest_route=%2Fwp%2Fv2%2Ftags&post=162337"}],"curies":[{"name":"wp","href":"https:\/\/api.w.org\/{rel}","templated":true}]}}