{"id":162334,"date":"2017-04-21T10:40:46","date_gmt":"2017-04-21T08:40:46","guid":{"rendered":"http:\/\/www.fuldaer-nachrichten.de\/?p=162334"},"modified":"2017-04-21T10:40:46","modified_gmt":"2017-04-21T08:40:46","slug":"verschiebung-des-nef-standorts-nach-ilbeshausen-noetig-fuer-eine-kreisweit-bessere-versorgung","status":"publish","type":"post","link":"https:\/\/www.fuldaernachrichten.de\/?p=162334","title":{"rendered":"Verschiebung des NEF-Standorts nach Ilbeshausen n\u00f6tig f\u00fcr eine kreisweit bessere Versorgung"},"content":{"rendered":"<p><strong>\u201eDie Verlegung des Notarzt-Standortes von Ulrichstein nach Ilbeshausen wird dazu f\u00fchren, dass mit den zur Verf\u00fcgung stehenden Notarzt-Einsatzfahrzeugen (NEF) eine bessere Raumabdeckung im Kreis erreicht wird. In der Summe wird durch die Verlegung die not\u00e4rztliche Versorgung der Bev\u00f6lkerung des Vogelsbergkreises verbessert\u201c, erkl\u00e4rt Landrat G\u00f6rig in einer Stellungnahme zur beabsichtigten Resolution. Zudem sei die not\u00e4rztliche Versorgung der Gro\u00dfgemeinde Ulrichstein\u00c2\u00a0 nach der Verlegung des Standortes nach Ilbeshausen innerhalb der Eintreffzeit sichergestellt. \u201eDie Stadtteile von Ulrichstein werden grunds\u00e4tzlich von dem NEF in Ilbeshausen versorgt, die Ortsteile Unter-Seibertenrod und Wohnfeld durch das NEF aus Gr\u00fcnberg.\u201c<\/strong><\/p>\n<p>&nbsp;<\/p>\n<p>Durch die bislang in Alsfeld, Lauterbach und Ulrichstein stationierten Notarzt-Einsatzfahrzeuge habe es in manchen Teilbereichen des Vogelsbergkreises eine r\u00e4umliche \u00dcberschneidung der Einsatzbereiche gegeben. So k\u00f6nnten momentan noch Teilbereiche in den Gro\u00dfgemeinden Grebenau, Herbstein, Lautertal und Schwalmtal innerhalb einer Eintreffzeit von 15 Minuten gleich durch zwei Notarzt-Einsatzfahrzeuge (NEF) erreicht werden. Dagegen sei es bislang aber nicht m\u00f6glich, die Gro\u00dfgemeinde Grebenhain sowie weite Teile der Gro\u00dfgemeinden Freiensteinau und Schlitz in der vorgegebenen Zeit not\u00e4rztlich zu versorgen. Durch die Verschiebung von zwei der drei NEF-Standorte, zu denen auch Ulrichstein geh\u00f6rt, sowie durch die Einbindung grenznaher Notarzt-Standorte von Nachbarlandkreisen, k\u00f6nne erreicht werden, dass alle B\u00fcrgerinnen und B\u00fcrger des Vogelsbergkreises profitieren und innerhalb der Eintreffzeit erreicht w\u00fcrden.<\/p>\n<p>&nbsp;<\/p>\n<p>Die Neuordnung ber\u00fccksichtigt die Vorgaben des neuen Landesrettungsdienstplanes, den das Land Hessen zum\u00c2\u00a0 Jahresbeginn in Kraft gesetzt hat. Die Planungsvorgaben im Landesrettungsdienstplan f\u00fcr die Kreise als Tr\u00e4ger des Rettungsdienstes betreffen auch die Notarztstandorte. Danach sind die Landkreise gehalten, mit der geringstm\u00f6glichen Anzahl von Notarztstandorten die gr\u00f6\u00dftm\u00f6gliche Raumabdeckung zur Versorgung der Bev\u00f6lkerung zu erreichen. Durch die Verlegung der Notarztstandorte und die im Landesrettungsdienstplan ebenfalls\u00c2\u00a0 vorgeschriebene Ber\u00fccksichtigung von Notarztstandorten in benachbarten Landkreisen w\u00e4re die Errichtung eines vierten Notarztstandortes nach den Planungsvorgaben \u201enicht bedarfsgerecht\u201c.<\/p>\n<p>&nbsp;<\/p>\n<p>Deshalb haben sich auch die Krankenkassen, die die Kostentr\u00e4ger f\u00fcr die Notarztstandorte sind, f\u00fcr die Verlegung der Standorte und gegen ein viertes NEF ausgesprochen. Die Planungen der Standorte und Einsatzbereiche der Notarzt-Fahrzeuge wurden von einem Fachb\u00fcro unter Ber\u00fccksichtigung des Landesrettungsdienstplanes in einem Gutachten zusammengefasst. \u201eVon der gebotenen Verlegung des NEF-Standorts habe ich B\u00fcrgermeister Schneider bereits nach einer B\u00fcrgermeisterdienstversammlung Mitte M\u00e4rz informiert\u201c, berichtet Landrat G\u00f6rig. Zur besseren Versorgung der Gesamtbev\u00f6lkerung sei die Verlegung nach Ilbeshausen erforderlich, dort werde auch zurzeit ein Objekt als neuer NEF-Standort \u00fcberpr\u00fcft. Ohnehin lasse sich eine solche Umsetzungsma\u00dfnahme nicht \u201evon heute auf morgen\u201c bewerkstelligen und brauche eine gewisse Zeit.<\/p>\n","protected":false},"excerpt":{"rendered":"<div class=\"tmnf_excerpt\"><p>\u201eDie Verlegung des Notarzt-Standortes von Ulrichstein nach Ilbeshausen wird dazu f\u00fchren, dass mit den zur Verf\u00fcgung stehenden Notarzt-Einsatzfahrzeugen (NEF) eine bessere Raumabdeckung im Kreis erreicht wird. In der Summe wird durch die Verlegung die not\u00e4rztliche Versorgung der Bev\u00f6lkerung des Vogelsbergkreises verbessert\u201c, erkl\u00e4rt Landrat G\u00f6rig in einer Stellungnahme zur beabsichtigten Resolution. Zudem sei die not\u00e4rztliche Versorgung &hellip;<\/p>\n<\/div>","protected":false},"author":1,"featured_media":0,"comment_status":"closed","ping_status":"closed","sticky":false,"template":"","format":"standard","meta":{"footnotes":""},"categories":[1],"tags":[],"class_list":["post-162334","post","type-post","status-publish","format-standard","hentry","category-startseite"],"_links":{"self":[{"href":"https:\/\/www.fuldaernachrichten.de\/index.php?rest_route=\/wp\/v2\/posts\/162334","targetHints":{"allow":["GET"]}}],"collection":[{"href":"https:\/\/www.fuldaernachrichten.de\/index.php?rest_route=\/wp\/v2\/posts"}],"about":[{"href":"https:\/\/www.fuldaernachrichten.de\/index.php?rest_route=\/wp\/v2\/types\/post"}],"author":[{"embeddable":true,"href":"https:\/\/www.fuldaernachrichten.de\/index.php?rest_route=\/wp\/v2\/users\/1"}],"replies":[{"embeddable":true,"href":"https:\/\/www.fuldaernachrichten.de\/index.php?rest_route=%2Fwp%2Fv2%2Fcomments&post=162334"}],"version-history":[{"count":1,"href":"https:\/\/www.fuldaernachrichten.de\/index.php?rest_route=\/wp\/v2\/posts\/162334\/revisions"}],"predecessor-version":[{"id":162339,"href":"https:\/\/www.fuldaernachrichten.de\/index.php?rest_route=\/wp\/v2\/posts\/162334\/revisions\/162339"}],"wp:attachment":[{"href":"https:\/\/www.fuldaernachrichten.de\/index.php?rest_route=%2Fwp%2Fv2%2Fmedia&parent=162334"}],"wp:term":[{"taxonomy":"category","embeddable":true,"href":"https:\/\/www.fuldaernachrichten.de\/index.php?rest_route=%2Fwp%2Fv2%2Fcategories&post=162334"},{"taxonomy":"post_tag","embeddable":true,"href":"https:\/\/www.fuldaernachrichten.de\/index.php?rest_route=%2Fwp%2Fv2%2Ftags&post=162334"}],"curies":[{"name":"wp","href":"https:\/\/api.w.org\/{rel}","templated":true}]}}