{"id":162320,"date":"2017-04-21T10:38:31","date_gmt":"2017-04-21T08:38:31","guid":{"rendered":"http:\/\/www.fuldaer-nachrichten.de\/?p=162320"},"modified":"2017-04-21T10:38:31","modified_gmt":"2017-04-21T08:38:31","slug":"freizeitspass-bei-der-kjg-aktivwoche","status":"publish","type":"post","link":"https:\/\/www.fuldaernachrichten.de\/?p=162320","title":{"rendered":"Freizeitspa\u00df bei der KjG Aktivwoche"},"content":{"rendered":"<p>Wie jedes Jahr in den Osterferien trafen sich auch vergangene Woche wieder 25 Kinder und Jugendliche im Alter von zehn bis achtzehn Jahren am ZOB in Fulda, um gemeinsam in die Aktivwoche der Katholischen jungen Gemeinde (KjG) Di\u00f6zesanverband Fulda zu starten. Diesmal ging es in das Thomas-Morus-Haus am Buchschirm in Hilders. Die Freizeit machte ihrem Namen alle Ehre, denn das Programm war reichlich und vielf\u00e4ltig gef\u00fcllt. Von Klassikern wie einer Spieleolympiade in und um das Haus, \u00fcber eine aufschlussreiche \u201eRangertour\u201c durch das Biosph\u00e4renreservat Rh\u00f6n, bis hin zu einem Besuch im Takka Tukka Land in K\u00fcnzell mit anschlie\u00dfender kreativer Stadtrallye durch Fulda war f\u00fcr alle etwas dabei. Bei herrlichem Fr\u00fchlingswetter lie\u00df sich das gro\u00dfe Gel\u00e4nde am Buchschirm perfekt ausnutzen und selbst in den Mittagspausen wurde noch ausgiebig Fu\u00dfball oder \u201eUltimate Frisbee\u201c gespielt. Quasi nebenbei wurden zudem 70 Stunden f\u00fcr die BDKJ Aktion \u201eZukunftszeit\u201c gesammelt. Diese Aktion setzt sich f\u00fcr ein bunteres Deutschland und gegen gruppenbezogene Menschenfeindlichkeit ein und wurde mit Blick auf die anstehenden Bundestagswahlen im September ins Leben gerufen.<\/p>\n<p>Nach vier erlebnisreichen Tagen ging es f\u00fcr die Teilnehmenden und Betreuenden p\u00fcnktlich zu den Osterfeiertagen wieder nach Hause.<\/p>\n<p>Wie auch in den vergangenen Jahren handelt es sich bei der Aktivwoche um eine integrative Freizeit des KjG Di\u00f6zesanverbandes Fulda, bei der Teilnehmende mit und ohne Behinderung herzlich willkommen sind.<\/p>\n","protected":false},"excerpt":{"rendered":"<div class=\"tmnf_excerpt\"><p>Wie jedes Jahr in den Osterferien trafen sich auch vergangene Woche wieder 25 Kinder und Jugendliche im Alter von zehn bis achtzehn Jahren am ZOB in Fulda, um gemeinsam in die Aktivwoche der Katholischen jungen Gemeinde (KjG) Di\u00f6zesanverband Fulda zu starten. Diesmal ging es in das Thomas-Morus-Haus am Buchschirm in Hilders. Die Freizeit machte ihrem &hellip;<\/p>\n<\/div>","protected":false},"author":1,"featured_media":162325,"comment_status":"closed","ping_status":"closed","sticky":false,"template":"","format":"standard","meta":{"footnotes":""},"categories":[1],"tags":[],"class_list":["post-162320","post","type-post","status-publish","format-standard","has-post-thumbnail","hentry","category-startseite"],"_links":{"self":[{"href":"https:\/\/www.fuldaernachrichten.de\/index.php?rest_route=\/wp\/v2\/posts\/162320","targetHints":{"allow":["GET"]}}],"collection":[{"href":"https:\/\/www.fuldaernachrichten.de\/index.php?rest_route=\/wp\/v2\/posts"}],"about":[{"href":"https:\/\/www.fuldaernachrichten.de\/index.php?rest_route=\/wp\/v2\/types\/post"}],"author":[{"embeddable":true,"href":"https:\/\/www.fuldaernachrichten.de\/index.php?rest_route=\/wp\/v2\/users\/1"}],"replies":[{"embeddable":true,"href":"https:\/\/www.fuldaernachrichten.de\/index.php?rest_route=%2Fwp%2Fv2%2Fcomments&post=162320"}],"version-history":[{"count":1,"href":"https:\/\/www.fuldaernachrichten.de\/index.php?rest_route=\/wp\/v2\/posts\/162320\/revisions"}],"predecessor-version":[{"id":162326,"href":"https:\/\/www.fuldaernachrichten.de\/index.php?rest_route=\/wp\/v2\/posts\/162320\/revisions\/162326"}],"wp:featuredmedia":[{"embeddable":true,"href":"https:\/\/www.fuldaernachrichten.de\/index.php?rest_route=\/wp\/v2\/media\/162325"}],"wp:attachment":[{"href":"https:\/\/www.fuldaernachrichten.de\/index.php?rest_route=%2Fwp%2Fv2%2Fmedia&parent=162320"}],"wp:term":[{"taxonomy":"category","embeddable":true,"href":"https:\/\/www.fuldaernachrichten.de\/index.php?rest_route=%2Fwp%2Fv2%2Fcategories&post=162320"},{"taxonomy":"post_tag","embeddable":true,"href":"https:\/\/www.fuldaernachrichten.de\/index.php?rest_route=%2Fwp%2Fv2%2Ftags&post=162320"}],"curies":[{"name":"wp","href":"https:\/\/api.w.org\/{rel}","templated":true}]}}