{"id":162318,"date":"2017-04-21T10:37:10","date_gmt":"2017-04-21T08:37:10","guid":{"rendered":"http:\/\/www.fuldaer-nachrichten.de\/?p=162318"},"modified":"2017-04-21T10:37:10","modified_gmt":"2017-04-21T08:37:10","slug":"bisherige-altenhilfe-referentin-kristin-klinzing-uebernimmt-ressortleitung-der-caritas-altenhilfe-bisheriger-leiter-achim-eng-wechselt-zur-caritas-in-hildesheim","status":"publish","type":"post","link":"https:\/\/www.fuldaernachrichten.de\/?p=162318","title":{"rendered":"Bisherige Altenhilfe-Referentin Kristin Klinzing \u00fcbernimmt Ressortleitung der Caritas-Altenhilfe &#8211;  Bisheriger Leiter Achim Eng wechselt zur Caritas in Hildesheim"},"content":{"rendered":"<p>Das Zusammentreffen der Ressort-Verantwortlichen und der Einrichtungsleiterinnen und -leiter aus den sieben Altenpflegeheimen in der Leitungsrunde Altenhilfe nutzte der Fuldaer Di\u00f6zesan-Caritasdirektor Dr. Markus Juch zur symbolischen Stab\u00fcbergabe an die neue Altenhilfe-Ressortleiterin Kristin Klinzing. \u201eWir sind sehr erfreut\u201c, so Juch, \u201edie bisherige Altenhilfe-Referentin f\u00fcr diese Leitungsaufgabe gewonnen zu haben. Frau Klinzing kennt die Einrichtungen der Caritas-Altenhilfe genau und hat bisher schon gut und vertrauensvoll mit den Leiterinnen und Leitern in den Altenpflegeheimen zusammengearbeitet.\u201c Ihre fachliche Kompetenz, so der Caritasdirektor weiter, sei \u00fcber die Bistumsgrenzen hinaus in der gesamten Hessen-Caritas bekannt und anerkannt. Der Vorstand freue sich daher auf die weitere Zusammenarbeit mit Kristin Klinzing in ihrer neuen Position.<\/p>\n<p>Gleichzeitig verabschiedete Markus Juch den bisherigen Amtsinhaber Achim Eng, der zum 1. Mai als Di\u00f6zesan-Caritasdirektor ins benachbarte Bistum Hildesheim wechselt. Einerseits bedaure er es, so Juch, einen guten Ressortleiter zu verlieren, der bei der Altenhilfe in Fulda viel Positives bewegt habe, andererseits gewinne er auf diese Weise einen vertrauten Direktorenkollegen hinzu, insofern werde man auch zuk\u00fcnftig in Kontakt bleiben und zusammenarbeiten. Juch w\u00fcnschte dem zuk\u00fcnftigen Caritasdirektor f\u00fcr die neue Aufgabe alles Gute. Unser Foto entstand in der Altenhilfe-Leitungsrunde und zeigt Caritasdirektor Juch mit (v. li.) dem bisherigen Ressortleiter Ressortleiter Achim Eng und seiner Nachfolgerin Kristin Klinzing.<\/p>\n","protected":false},"excerpt":{"rendered":"<div class=\"tmnf_excerpt\"><p>Das Zusammentreffen der Ressort-Verantwortlichen und der Einrichtungsleiterinnen und -leiter aus den sieben Altenpflegeheimen in der Leitungsrunde Altenhilfe nutzte der Fuldaer Di\u00f6zesan-Caritasdirektor Dr. Markus Juch zur symbolischen Stab\u00fcbergabe an die neue Altenhilfe-Ressortleiterin Kristin Klinzing. \u201eWir sind sehr erfreut\u201c, so Juch, \u201edie bisherige Altenhilfe-Referentin f\u00fcr diese Leitungsaufgabe gewonnen zu haben. Frau Klinzing kennt die Einrichtungen der Caritas-Altenhilfe &hellip;<\/p>\n<\/div>","protected":false},"author":1,"featured_media":162321,"comment_status":"closed","ping_status":"closed","sticky":false,"template":"","format":"standard","meta":{"footnotes":""},"categories":[1],"tags":[],"class_list":["post-162318","post","type-post","status-publish","format-standard","has-post-thumbnail","hentry","category-startseite"],"_links":{"self":[{"href":"https:\/\/www.fuldaernachrichten.de\/index.php?rest_route=\/wp\/v2\/posts\/162318","targetHints":{"allow":["GET"]}}],"collection":[{"href":"https:\/\/www.fuldaernachrichten.de\/index.php?rest_route=\/wp\/v2\/posts"}],"about":[{"href":"https:\/\/www.fuldaernachrichten.de\/index.php?rest_route=\/wp\/v2\/types\/post"}],"author":[{"embeddable":true,"href":"https:\/\/www.fuldaernachrichten.de\/index.php?rest_route=\/wp\/v2\/users\/1"}],"replies":[{"embeddable":true,"href":"https:\/\/www.fuldaernachrichten.de\/index.php?rest_route=%2Fwp%2Fv2%2Fcomments&post=162318"}],"version-history":[{"count":1,"href":"https:\/\/www.fuldaernachrichten.de\/index.php?rest_route=\/wp\/v2\/posts\/162318\/revisions"}],"predecessor-version":[{"id":162322,"href":"https:\/\/www.fuldaernachrichten.de\/index.php?rest_route=\/wp\/v2\/posts\/162318\/revisions\/162322"}],"wp:featuredmedia":[{"embeddable":true,"href":"https:\/\/www.fuldaernachrichten.de\/index.php?rest_route=\/wp\/v2\/media\/162321"}],"wp:attachment":[{"href":"https:\/\/www.fuldaernachrichten.de\/index.php?rest_route=%2Fwp%2Fv2%2Fmedia&parent=162318"}],"wp:term":[{"taxonomy":"category","embeddable":true,"href":"https:\/\/www.fuldaernachrichten.de\/index.php?rest_route=%2Fwp%2Fv2%2Fcategories&post=162318"},{"taxonomy":"post_tag","embeddable":true,"href":"https:\/\/www.fuldaernachrichten.de\/index.php?rest_route=%2Fwp%2Fv2%2Ftags&post=162318"}],"curies":[{"name":"wp","href":"https:\/\/api.w.org\/{rel}","templated":true}]}}