{"id":162312,"date":"2017-04-20T10:00:39","date_gmt":"2017-04-20T08:00:39","guid":{"rendered":"http:\/\/www.fuldaer-nachrichten.de\/?p=162312"},"modified":"2018-03-10T03:59:52","modified_gmt":"2018-03-10T02:59:52","slug":"fruehjahr-sommer-trends-2017-was-ist-modisch-angesagt","status":"publish","type":"post","link":"https:\/\/www.fuldaernachrichten.de\/?p=162312","title":{"rendered":"Fr\u00fchjahr-\/Sommer-Trends 2017: Was ist modisch angesagt?"},"content":{"rendered":"<p>Die Tage werden l\u00e4nger und w\u00e4rmer, die Kleidung wieder luftiger und die Menschen in den Stra\u00dfen zeigen ihre mal mehr und mal weniger stilvollen modischen Neuerwerbungen f\u00fcr die warme Jahreszeit. Damit unsere Leser nur die pfiffigen Looks tragen, haben wir f\u00fcr sie die wichtigsten Trends im Fr\u00fchjahr 2017 gesammelt.<\/p>\n<h2>Damen: Matrosenlook, gerade geschnittene Jeans und Pantoletten<\/h2>\n<p>Richtig gelesen! Der Matrosenlook ist zur\u00fcck. Schifferm\u00fctzen, Matrosenkragen, blau-wei\u00dfe Blusen mit maritimen Mustern und Motiven sind in diesem Jahr wieder richtig angesagt. Sp\u00e4testens seit die Looks auf dem Laufsteg der Berliner Fashion Week zu sehen waren und Kate Moss in Pablo Picassos Ringelshirt ersp\u00e4ht wurde, <a href=\"http:\/\/www.spiegel.de\/stil\/modetrends-fruehjahr-sommer-2017-der-matrosen-look-ist-zurueck-a-1139017.html\">wie Spiegel Online berichtete<\/a>, geht es gar nicht maritim genug.<\/p>\n<p>Nie aus der Mode kommen Jeans: Der Denim-Look ist zeitlos, l\u00e4sst sich bequem kombinieren und ist so vielf\u00e4ltig wie die Modewelt selbst. In diesem Fr\u00fchjahr und Sommer bleiben Destroyed-Jeans im Schrank. Ein bisschen fransig darf es <a href=\"http:\/\/www.elle.de\/jeans-trends-2017\">laut elle<\/a> am Saum aber noch sein. Abgel\u00f6st wird der komplette Destroyed-Look von gerade geschnittenen Jeansmodellen \u2013 vorzugsweise mit Perlen besetzt und\/oder mit 7\/8-Schnitt. Dar\u00fcber hinaus bleibt auch der Slim-Fit-Cut weiterhin angesagt. In vielen Onlineshops <a href=\"https:\/\/www.peterhahn.de\/\">wie diesem hier<\/a> findet sich 2017 eine Auswahl schicker Jeans-Looks in trendigen Schnitten und Farben.<\/p>\n<p>Gem\u00fctlichkeit spielt auch in dieser Saison bei den Schuhen eine Rolle: Aber statt in Flip-Flops geht es in schicken Pantoletten an die Strandpromenaden. Von verspielten Schleifen und Bl\u00fcmchenmustern bis zu Perlen \u2013 die Trendtreter zum Hineinschl\u00fcpfen sind nicht nur superbequem, sondern auch elegant und bestens mit 7\/8-Jeans kombinierbar. Schon vom vergangenen Jahr bekannt, <a href=\"http:\/\/www.gofeminin.de\/modetrends\/schuhtrends-2017-s1945992.html\">bleiben wei\u00dfe Sneaker und Schuhe im Metallic-Look auch im Fr\u00fchjahr und Sommer 2017 angesagt<\/a>.<\/p>\n<h2>Herren: Hawaii-Style, wei\u00dfer Denim-Look und Abenteurer-Outfits f\u00fcrs Grobe<\/h2>\n<p>Bei den M\u00e4nnern geht es sportlich zu: Shirts mit Palmen-Print, Chinos oder hellen Shorts sowie Slip-ons und Strohhut \u2013 der Hawaii-Style ist definitiv zur\u00fcck. Abgerundet wird das Outfit, das wir <a href=\"http:\/\/www.menshealth.de\/artikel\/die-aktuellen-modetrends-fuer-maenner.490386.html\">bei der Men&#8217;s Health gefunden haben<\/a>, mit einer coolen Pilotensonnenbrille und einer sportiven Taucheruhr.<\/p>\n<p>Die Trendfarbe \u2013 die eigentlich keine ist \u2013 hei\u00dft bei den Herren in dieser Saison: Wei\u00df. Ob Jeansjacke, Hose, Hemd oder Sneaker: Strahlendes Wei\u00df geht zu den allermeisten privaten Anl\u00e4ssen \u2013 au\u00dfer zum gen\u00fcsslich-ungehemmten Spaghettischl\u00fcrfen. Daf\u00fcr sorgt der Look sowohl auf dem Spaziergang am Strand wie auch in der abendlichen Cocktailbar f\u00fcr einen sportlich-eleganten Auftritt.<\/p>\n<p>Sportlich ist auch der Abenteurer-Style. Wer dabei an Peitsche, Lederjacke und Hut denkt, liegt aber daneben. Statt Indiana-Jones-Style ist etwas anderes angesagt f\u00fcr den ausgiebigen Natururlaub, f\u00fcrs Biking oder beim Segelt\u00f6rn: khakifarbene Cargo-Hosen, Windbreaker \u2013 wahlweise in knalligen Farben oder naturnahen T\u00f6nen \u2013, Tanktop-Shirts und coole Sneaker. Hier darf es gerne auch etwas rustikaler zugehen, allerdings sollte der Look von bieder-eint\u00f6nigen Wanderoutfits abgegrenzt werden und stattdessen Akzente setzen: entweder durch auff\u00e4llig-sportive Accessoires (Funktionsuhren, sportliche Sonnenbrillen) oder durch knallige Farbschemas bei Schuhen und Accessoires.<\/p>\n<p><img decoding=\"async\" src=\"https:\/\/farm1.staticflickr.com\/593\/20586584943_1fdd288000_z_d.jpg\" \/><br \/>\nBildrechte: Flickr <a href=\"https:\/\/www.flickr.com\/photos\/paolov\/20586584943\/\" rel=\"nofollow\">Tori Shoot-71<\/a> <a href=\"https:\/\/www.flickr.com\/photos\/paolov\/\" rel=\"nofollow\">Paolo Villanueva<\/a> CC BY 2.0 <a href=\"https:\/\/creativecommons.org\/licenses\/by\/2.0\/\" rel=\"nofollow\">Bestimmte Rechte vorbehalten<\/a><\/p>\n","protected":false},"excerpt":{"rendered":"<div class=\"tmnf_excerpt\"><p>Die Tage werden l\u00e4nger und w\u00e4rmer, die Kleidung wieder luftiger und die Menschen in den Stra\u00dfen zeigen ihre mal mehr und mal weniger stilvollen modischen Neuerwerbungen f\u00fcr die warme Jahreszeit. Damit unsere Leser nur die pfiffigen Looks tragen, haben wir f\u00fcr sie die wichtigsten Trends im Fr\u00fchjahr 2017 gesammelt. Damen: Matrosenlook, gerade geschnittene Jeans und &hellip;<\/p>\n<\/div>","protected":false},"author":1,"featured_media":0,"comment_status":"closed","ping_status":"closed","sticky":false,"template":"","format":"standard","meta":{"footnotes":""},"categories":[1],"tags":[104,95,100,107],"class_list":["post-162312","post","type-post","status-publish","format-standard","hentry","category-startseite","tag-akm","tag-besonders-lesenswert","tag-g","tag-performics"],"_links":{"self":[{"href":"https:\/\/www.fuldaernachrichten.de\/index.php?rest_route=\/wp\/v2\/posts\/162312","targetHints":{"allow":["GET"]}}],"collection":[{"href":"https:\/\/www.fuldaernachrichten.de\/index.php?rest_route=\/wp\/v2\/posts"}],"about":[{"href":"https:\/\/www.fuldaernachrichten.de\/index.php?rest_route=\/wp\/v2\/types\/post"}],"author":[{"embeddable":true,"href":"https:\/\/www.fuldaernachrichten.de\/index.php?rest_route=\/wp\/v2\/users\/1"}],"replies":[{"embeddable":true,"href":"https:\/\/www.fuldaernachrichten.de\/index.php?rest_route=%2Fwp%2Fv2%2Fcomments&post=162312"}],"version-history":[{"count":2,"href":"https:\/\/www.fuldaernachrichten.de\/index.php?rest_route=\/wp\/v2\/posts\/162312\/revisions"}],"predecessor-version":[{"id":172247,"href":"https:\/\/www.fuldaernachrichten.de\/index.php?rest_route=\/wp\/v2\/posts\/162312\/revisions\/172247"}],"wp:attachment":[{"href":"https:\/\/www.fuldaernachrichten.de\/index.php?rest_route=%2Fwp%2Fv2%2Fmedia&parent=162312"}],"wp:term":[{"taxonomy":"category","embeddable":true,"href":"https:\/\/www.fuldaernachrichten.de\/index.php?rest_route=%2Fwp%2Fv2%2Fcategories&post=162312"},{"taxonomy":"post_tag","embeddable":true,"href":"https:\/\/www.fuldaernachrichten.de\/index.php?rest_route=%2Fwp%2Fv2%2Ftags&post=162312"}],"curies":[{"name":"wp","href":"https:\/\/api.w.org\/{rel}","templated":true}]}}