{"id":162295,"date":"2017-04-20T09:11:37","date_gmt":"2017-04-20T07:11:37","guid":{"rendered":"http:\/\/www.fuldaer-nachrichten.de\/?p=162295"},"modified":"2017-04-20T09:11:37","modified_gmt":"2017-04-20T07:11:37","slug":"wicklow-goes-eichenzell-irischer-abend-mit-live-musik-von-der-gruenen-insel","status":"publish","type":"post","link":"https:\/\/www.fuldaernachrichten.de\/?p=162295","title":{"rendered":"Wicklow goes Eichenzell  Irischer Abend mit Live-Musik  von der Gr\u00fcnen Insel"},"content":{"rendered":"<p>Irland &#8211; auch \u201eDie Gr\u00fcne Insel\u201c genannt &#8211; ist eine Welt voller Mythen, Musik und netter Menschen inmitten urspr\u00fcnglicher Natur. Die Iren feiern oft und gerne und zelebrieren die Traditionen ihrer Festtage in ausgelassenen und gut vorbereiteten Umz\u00fcgen und Veranstaltungen. Das gr\u00f6\u00dfte und bekannteste Fest des Jahres ist sicherlich der St. Patricks Day.<\/p>\n<p>In Anlehnung an den irischen Nationalfeiertag veranstaltet die Gemeinde Eichenzell am 6. Mai 2017 um 20.00 Uhr bereits den 8. Irischen Abend, der zu den H\u00f6hepunkten des gemeindlichen Kulturprogramms z\u00e4hlt. Auch in 2017 ist es wieder gelungen, die 5-k\u00f6pfige Band \u201eMic shy\u201c aus der Eichenzeller Partnerstadt Wicklow zu engagieren. Die Gruppe gestaltet bereits zum vierten Mal den Irischen Abend in Eichenzell. Mit ihrem glasklaren, mehrstimmigen Gesang, ihrer f\u00f6rmlich ansteckenden Freude an der Musik und der typisch irischen Herzlichkeit springt der \u201eirische Funke\u201c sofort auf die G\u00e4ste \u00fcber.<\/p>\n<p>Neben dem musikalischen Programm bietet die Gemeinde nat\u00fcrlich wieder einen landestypischen Snack, original irischen Whiskey und das Nationalgetr\u00e4nk Guinness.<\/p>\n<p>Platzkarten sind im Vorverkauf f\u00fcr 12,00 \u00e2\u201a\u00ac (incl. eines irischen Snacks) bei der Gemeinde Eichenzell, Tel. 06659\/ 97943, weber@eichenzell.de, erh\u00e4ltlich.<br \/>\n(Erm\u00e4\u00dfigung f\u00fcr Sch\u00fcler, Studenten, Menschen mit Behinderung)<\/p>\n","protected":false},"excerpt":{"rendered":"<div class=\"tmnf_excerpt\"><p>Irland &#8211; auch \u201eDie Gr\u00fcne Insel\u201c genannt &#8211; ist eine Welt voller Mythen, Musik und netter Menschen inmitten urspr\u00fcnglicher Natur. Die Iren feiern oft und gerne und zelebrieren die Traditionen ihrer Festtage in ausgelassenen und gut vorbereiteten Umz\u00fcgen und Veranstaltungen. Das gr\u00f6\u00dfte und bekannteste Fest des Jahres ist sicherlich der St. Patricks Day. In Anlehnung &hellip;<\/p>\n<\/div>","protected":false},"author":1,"featured_media":162307,"comment_status":"closed","ping_status":"closed","sticky":false,"template":"","format":"standard","meta":{"footnotes":""},"categories":[1],"tags":[],"class_list":["post-162295","post","type-post","status-publish","format-standard","has-post-thumbnail","hentry","category-startseite"],"_links":{"self":[{"href":"https:\/\/www.fuldaernachrichten.de\/index.php?rest_route=\/wp\/v2\/posts\/162295","targetHints":{"allow":["GET"]}}],"collection":[{"href":"https:\/\/www.fuldaernachrichten.de\/index.php?rest_route=\/wp\/v2\/posts"}],"about":[{"href":"https:\/\/www.fuldaernachrichten.de\/index.php?rest_route=\/wp\/v2\/types\/post"}],"author":[{"embeddable":true,"href":"https:\/\/www.fuldaernachrichten.de\/index.php?rest_route=\/wp\/v2\/users\/1"}],"replies":[{"embeddable":true,"href":"https:\/\/www.fuldaernachrichten.de\/index.php?rest_route=%2Fwp%2Fv2%2Fcomments&post=162295"}],"version-history":[{"count":1,"href":"https:\/\/www.fuldaernachrichten.de\/index.php?rest_route=\/wp\/v2\/posts\/162295\/revisions"}],"predecessor-version":[{"id":162309,"href":"https:\/\/www.fuldaernachrichten.de\/index.php?rest_route=\/wp\/v2\/posts\/162295\/revisions\/162309"}],"wp:featuredmedia":[{"embeddable":true,"href":"https:\/\/www.fuldaernachrichten.de\/index.php?rest_route=\/wp\/v2\/media\/162307"}],"wp:attachment":[{"href":"https:\/\/www.fuldaernachrichten.de\/index.php?rest_route=%2Fwp%2Fv2%2Fmedia&parent=162295"}],"wp:term":[{"taxonomy":"category","embeddable":true,"href":"https:\/\/www.fuldaernachrichten.de\/index.php?rest_route=%2Fwp%2Fv2%2Fcategories&post=162295"},{"taxonomy":"post_tag","embeddable":true,"href":"https:\/\/www.fuldaernachrichten.de\/index.php?rest_route=%2Fwp%2Fv2%2Ftags&post=162295"}],"curies":[{"name":"wp","href":"https:\/\/api.w.org\/{rel}","templated":true}]}}