{"id":162294,"date":"2017-04-20T09:11:07","date_gmt":"2017-04-20T07:11:07","guid":{"rendered":"http:\/\/www.fuldaer-nachrichten.de\/?p=162294"},"modified":"2017-04-20T09:11:07","modified_gmt":"2017-04-20T07:11:07","slug":"wallfahrtsjahr-2017-auf-dem-gehilfersberg-bei-rasdorf-eroeffnet","status":"publish","type":"post","link":"https:\/\/www.fuldaernachrichten.de\/?p=162294","title":{"rendered":"Wallfahrtsjahr 2017 auf dem Gehilfersberg bei Rasdorf er\u00f6ffnet"},"content":{"rendered":"<p><a href=\"http:\/\/www.fuldaer-nachrichten.de\/wp-content\/uploads\/2017\/04\/009-Gehilfersberg-Er\u00f6ffnung-170417-wim.jpg\"><img decoding=\"async\" class=\"alignleft size-thumbnail wp-image-162304\" src=\"http:\/\/www.fuldaer-nachrichten.de\/wp-content\/uploads\/2017\/04\/009-Gehilfersberg-Er\u00f6ffnung-170417-wim-265x176.jpg\" alt=\"\" width=\"265\" height=\"176\" \/><\/a>Das Wetter war mit Schneeregen nicht gerade einladend, um auf den Gehilfersberg bei Rasdorf zu wallfahren. Trotzdem war das Gotteshaus beim Er\u00f6ffnungsgottesdienst des Wallfahrtsjahres 2017 sehr gut gef\u00fcllt. Das zeige, dass die Wallfahrtskirche den Menschen wichtig sei, so Generalvikar Professor Dr. Gerhard Stanke, Fulda, zu Beginn der Eucharistiefeier, die von Sebastian Schuchert, Wenigentaft, an der Orgel musikalisch mitgestaltet wurde. Den Glauben an den Auferstandenen in der \u00d6ffentlichkeit zu bekennen sei in der heutigen pluralen Welt wichtiger denn je. W\u00e4hrend die einen f\u00fcr den Glauben sterben w\u00fcrden, wie die Anschl\u00e4ge auf Christen zeigten, w\u00fcrde andererseits Gott den Menschen nicht fehlen. Gottlosigkeit hinterlasse keine L\u00fccke. Entt\u00e4uscht durch den Kreuzestod Jesu seien die\u00c2\u00a0 Emmaus \u2013 J\u00fcnger geflohen und die Apostel in ihrem Glauben ersch\u00fcttert und ihrer Hoffnung beraubt worden. Durch die Auferweckung Jesu habe Gott diesen best\u00e4tigt und dass das, was Jeus gepredigt und vorgelebt habe, machbar sei. Machtgier und Habgier habe Jesus Dienen und Teilen entgegengesetzt.\u00c2\u00a0 Gezeigt, dass Liebe st\u00e4rker als Ha\u00df, Wahrheit st\u00e4rker als die L\u00fcge und Leben st\u00e4rker als der Tod sei. Die, die davon gelaufen seien und sich verkrochen h\u00e4tten, seien durch die Auferweckung zu mutige Verk\u00fcnder des Glaubens geworden. Gerhard Stanke bekannte, dass er froh und dankbar sei an die Botschaft von der Auferstehung glauben zu k\u00f6nnen. Sie mache stark, vertr\u00f6ste nicht auf das Jenseits, rehabilitiere die Opfer, gebe jedem Leben Sinn und ermuntere den Glauben zu bekennen. Er w\u00fcnschte den Zuh\u00f6rerinnen und Zuh\u00f6rern an diese Botschaft, die das Leben hell mache, glauben zu k\u00f6nnen.<\/p>\n<p>Ortpfarrer Reiner Modenbach verk\u00fcndete, dass ab sofort wieder jeden Samstag um 8 Uhr Gottesdienst in der Wallfahrtskirche gefeiert wird. Au\u00dferdem feiere am 19. Mai um 19 Uhr Weihbischof Karlheinz Diez mit den Wallfahrern das 20 \u2013 j\u00e4hrige Jubil\u00e4um der Wiedereinweihung der im Jahre 1996 durch Brand zerst\u00f6rten Wallfahrtskirche.<\/p>\n","protected":false},"excerpt":{"rendered":"<div class=\"tmnf_excerpt\"><p>Das Wetter war mit Schneeregen nicht gerade einladend, um auf den Gehilfersberg bei Rasdorf zu wallfahren. Trotzdem war das Gotteshaus beim Er\u00f6ffnungsgottesdienst des Wallfahrtsjahres 2017 sehr gut gef\u00fcllt. Das zeige, dass die Wallfahrtskirche den Menschen wichtig sei, so Generalvikar Professor Dr. Gerhard Stanke, Fulda, zu Beginn der Eucharistiefeier, die von Sebastian Schuchert, Wenigentaft, an der &hellip;<\/p>\n<\/div>","protected":false},"author":1,"featured_media":162305,"comment_status":"closed","ping_status":"closed","sticky":false,"template":"","format":"standard","meta":{"footnotes":""},"categories":[1],"tags":[],"class_list":["post-162294","post","type-post","status-publish","format-standard","has-post-thumbnail","hentry","category-startseite"],"_links":{"self":[{"href":"https:\/\/www.fuldaernachrichten.de\/index.php?rest_route=\/wp\/v2\/posts\/162294","targetHints":{"allow":["GET"]}}],"collection":[{"href":"https:\/\/www.fuldaernachrichten.de\/index.php?rest_route=\/wp\/v2\/posts"}],"about":[{"href":"https:\/\/www.fuldaernachrichten.de\/index.php?rest_route=\/wp\/v2\/types\/post"}],"author":[{"embeddable":true,"href":"https:\/\/www.fuldaernachrichten.de\/index.php?rest_route=\/wp\/v2\/users\/1"}],"replies":[{"embeddable":true,"href":"https:\/\/www.fuldaernachrichten.de\/index.php?rest_route=%2Fwp%2Fv2%2Fcomments&post=162294"}],"version-history":[{"count":1,"href":"https:\/\/www.fuldaernachrichten.de\/index.php?rest_route=\/wp\/v2\/posts\/162294\/revisions"}],"predecessor-version":[{"id":162306,"href":"https:\/\/www.fuldaernachrichten.de\/index.php?rest_route=\/wp\/v2\/posts\/162294\/revisions\/162306"}],"wp:featuredmedia":[{"embeddable":true,"href":"https:\/\/www.fuldaernachrichten.de\/index.php?rest_route=\/wp\/v2\/media\/162305"}],"wp:attachment":[{"href":"https:\/\/www.fuldaernachrichten.de\/index.php?rest_route=%2Fwp%2Fv2%2Fmedia&parent=162294"}],"wp:term":[{"taxonomy":"category","embeddable":true,"href":"https:\/\/www.fuldaernachrichten.de\/index.php?rest_route=%2Fwp%2Fv2%2Fcategories&post=162294"},{"taxonomy":"post_tag","embeddable":true,"href":"https:\/\/www.fuldaernachrichten.de\/index.php?rest_route=%2Fwp%2Fv2%2Ftags&post=162294"}],"curies":[{"name":"wp","href":"https:\/\/api.w.org\/{rel}","templated":true}]}}