{"id":162286,"date":"2017-04-20T08:59:00","date_gmt":"2017-04-20T06:59:00","guid":{"rendered":"http:\/\/www.fuldaer-nachrichten.de\/?p=162286"},"modified":"2017-04-20T08:59:00","modified_gmt":"2017-04-20T06:59:00","slug":"chefaerztin-sandra-beres-uebernimmt-staffelstab-des-aerztlichen-direktors","status":"publish","type":"post","link":"https:\/\/www.fuldaernachrichten.de\/?p=162286","title":{"rendered":"Chef\u00e4rztin Sandra Beres \u00fcbernimmt Staffelstab des \u00c4rztlichen Direktors"},"content":{"rendered":"<p>Sandra Beres, Chef\u00e4rztin der Inneren Medizin, ist neue \u00e4rztliche Direktorin der Helios St. Elisabeth Klinik in H\u00fcnfeld. Sie \u00fcbernimmt dieses Amt auf Zeit von Dr. Arnulf G\u00f6bel, Chefarzt An\u00e4sthesie. Der vierundf\u00fcnfzigj\u00e4hrige G\u00f6bel hatte das Amt des \u00c4rztlichen Direktors seit zwei Jahren inne. Weiterentwicklungen in der An\u00e4sthesie erfordern aber nun seinen uneingeschr\u00e4nkten Focus auf seine eigene Fachabteilung.<\/p>\n<p>Die Position des \u00c4rztlichen Direktors ist immer eine Zusatzaufgabe zur normalen Funktion als Chefarzt und verlangt einen erheblichen zeitlichen Einsatz. Um diese Arbeitsbelastung auf mehrere Schultern zu verteilen, rotiert das Aufgabengebiet in einem unregelm\u00e4\u00dfigen Turnus. \u201eIn vielen Entscheidungen und Vorhaben hat mich Dr. G\u00f6bel als \u00c4rztlicher Direktor hervorragend beraten, unterst\u00fctzt und eine Vielzahl von Projekten umgesetzt. F\u00fcr dieses hervorragende Engagement bedanke ich mich herzlichst.\u201c sagt Sandra Henek, Klinikgesch\u00e4ftsf\u00fchrerin. \u201eGerne habe ich die Gesch\u00e4ftsf\u00fchrung durch meine T\u00e4tigkeit als \u00c4rztlicher Direktor begleitet. Die Fachabteilung An\u00e4sthesie ben\u00f6tigt aber nun mein volles Engagement. Deshalb habe ich das Amt des \u00c4rztlichen Direktors zum Wohle meiner Fachabteilung zur Verf\u00fcgung gestellt.\u201c sagt Chefarzt Dr. G\u00f6bel.<\/p>\n<p>Die neue \u00c4rztliche Direktorin Chef\u00e4rztin Sandra Beres leitet seit \u00fcber zwei Jahren die gr\u00f6\u00dfte Hauptabteilung der Klinik, die Innere Medizin zu der auch die Palliativmedizin geh\u00f6rt. Durch ihr Organisationsgeschick und ihre F\u00fchrungskompetenz konnte diese Abteilung erheblich vorangebracht werden. Ihre Kompetenz und ihre medizinische Managementerfahrung soll nun auch f\u00fcr erfolgreiche Weiterentwicklung der gesamten Klinik genutzt werden, sagt die Gesch\u00e4ftsf\u00fchrerin. \u201eWir haben noch Einiges vor in den kommenden Jahren, um diese Klinik weiter zu st\u00e4rken, und da ist die medizinische Qualit\u00e4t von entscheidender Bedeutung f\u00fcr die Akzeptanz der Patienten.\u201c erkl\u00e4rt Henek. Deshalb setze sie hohes Vertrauen in die Arbeit der neuen \u00c4rztlichen Direktorin Sandra Beres.<\/p>\n<p>\u201eDas Vertrauen, das die Klinikgesch\u00e4ftsf\u00fchrung mit der \u00dcbertragung der neuen Aufgabe in mich setzt, erf\u00fcllt mich mit Stolz, ist aber gleichzeitig auch eine Herausforderung.\u201c sagt die vierundvierzigj\u00e4hrige Beres. \u201eIch freue mich auf die Zusammenarbeit und baue auf die Unterst\u00fctzung aller Mitarbeiter. Gemeinsam wollen wir die Klinik auf einem qualitativ hohen Level halten und weiterentwickeln.\u201c<\/p>\n","protected":false},"excerpt":{"rendered":"<div class=\"tmnf_excerpt\"><p>Sandra Beres, Chef\u00e4rztin der Inneren Medizin, ist neue \u00e4rztliche Direktorin der Helios St. Elisabeth Klinik in H\u00fcnfeld. Sie \u00fcbernimmt dieses Amt auf Zeit von Dr. Arnulf G\u00f6bel, Chefarzt An\u00e4sthesie. Der vierundf\u00fcnfzigj\u00e4hrige G\u00f6bel hatte das Amt des \u00c4rztlichen Direktors seit zwei Jahren inne. Weiterentwicklungen in der An\u00e4sthesie erfordern aber nun seinen uneingeschr\u00e4nkten Focus auf seine eigene &hellip;<\/p>\n<\/div>","protected":false},"author":1,"featured_media":162296,"comment_status":"closed","ping_status":"closed","sticky":false,"template":"","format":"standard","meta":{"footnotes":""},"categories":[1],"tags":[],"class_list":["post-162286","post","type-post","status-publish","format-standard","has-post-thumbnail","hentry","category-startseite"],"_links":{"self":[{"href":"https:\/\/www.fuldaernachrichten.de\/index.php?rest_route=\/wp\/v2\/posts\/162286","targetHints":{"allow":["GET"]}}],"collection":[{"href":"https:\/\/www.fuldaernachrichten.de\/index.php?rest_route=\/wp\/v2\/posts"}],"about":[{"href":"https:\/\/www.fuldaernachrichten.de\/index.php?rest_route=\/wp\/v2\/types\/post"}],"author":[{"embeddable":true,"href":"https:\/\/www.fuldaernachrichten.de\/index.php?rest_route=\/wp\/v2\/users\/1"}],"replies":[{"embeddable":true,"href":"https:\/\/www.fuldaernachrichten.de\/index.php?rest_route=%2Fwp%2Fv2%2Fcomments&post=162286"}],"version-history":[{"count":1,"href":"https:\/\/www.fuldaernachrichten.de\/index.php?rest_route=\/wp\/v2\/posts\/162286\/revisions"}],"predecessor-version":[{"id":162297,"href":"https:\/\/www.fuldaernachrichten.de\/index.php?rest_route=\/wp\/v2\/posts\/162286\/revisions\/162297"}],"wp:featuredmedia":[{"embeddable":true,"href":"https:\/\/www.fuldaernachrichten.de\/index.php?rest_route=\/wp\/v2\/media\/162296"}],"wp:attachment":[{"href":"https:\/\/www.fuldaernachrichten.de\/index.php?rest_route=%2Fwp%2Fv2%2Fmedia&parent=162286"}],"wp:term":[{"taxonomy":"category","embeddable":true,"href":"https:\/\/www.fuldaernachrichten.de\/index.php?rest_route=%2Fwp%2Fv2%2Fcategories&post=162286"},{"taxonomy":"post_tag","embeddable":true,"href":"https:\/\/www.fuldaernachrichten.de\/index.php?rest_route=%2Fwp%2Fv2%2Ftags&post=162286"}],"curies":[{"name":"wp","href":"https:\/\/api.w.org\/{rel}","templated":true}]}}