{"id":162280,"date":"2017-04-20T08:56:56","date_gmt":"2017-04-20T06:56:56","guid":{"rendered":"http:\/\/www.fuldaer-nachrichten.de\/?p=162280"},"modified":"2017-04-20T08:56:56","modified_gmt":"2017-04-20T06:56:56","slug":"come-together-benefiz-gala-2-0-fuldas-kuenstler-spielen-fuer-den-guten-zweck","status":"publish","type":"post","link":"https:\/\/www.fuldaernachrichten.de\/?p=162280","title":{"rendered":"Come Together \u2013 Benefiz Gala 2.0 &#8211; Fuldas K\u00fcnstler spielen f\u00fcr den guten Zweck!"},"content":{"rendered":"<p>Gute Nachrichten, Hoffnung, Toleranz, Engagement und Freude \u2013 das braucht unsere Gesellschaft. All das findet sich in dem Fuldaer Projekt \u201eWohnzimmer\u201c der Initiative \u201eWelcome In\u201c. Dieses \u201eWohnzimmer\u201c ist nicht einfach nur ein Zimmer, in dem sich Menschen aller Nationen, aller Fuldaer Stadtteile, aller Hautfarben, religi\u00f6ser Bekenntnisse und jeden Geschlechts und Alters treffen. Es ist auch die Planungszentrale der ehrenamtlichen \u201eWelcome In-Aktiven\u201c. Hier stellen sie neue Projekte auf die Beine, koordinieren ihre Aktivit\u00e4ten und bringen Organisationen und Leute zusammen, die dabei helfen, Fremde in Fulda weniger fremd sein zu lassen. \u201eWelcome In\u201c setzt sich schon seit 2009 f\u00fcr Asylbewerber im Landkreis ein und hat seither schon viel praktische Hilfe geleistet. Ihre jetzige Arbeit ist eine Weiterf\u00fchrung der anf\u00e4nglichen Hilfeleistung und eine ganz handfeste Antwort auf die Frage, wie es denn nun weitergeht mit den Menschen, die nach ihrer oft dramatischen Flucht bei uns gelandet sind. Umso besser, dass dieses Engagement inzwischen auch einen festen Ort hat. In der Robert-Kircher-Stra\u00dfe 25 hat die Gruppe ihr \u201eWohnzimmer\u201c eingerichtet. Der Raum soll ganz praktisch den Kontakt zwischen Gefl\u00fcchteten und Alteingesessenen erleichtern und damit wesentlich zu einem guten Zusammenleben beitragen. Die Organisation des \u201eWohnzimmers\u201c wird zum gr\u00f6\u00dften Teil getragen von Ehrenamtlichen aus dem Pool von \u201eWelcome In\u201c, ca. die H\u00e4lfte der Aktiven sind selbst AsylbewerberInnen. Das ist gelebte Integration und Hilfe zur Selbsthilfe. 2015 wurde \u201eWelcome In\u201c deshalb auch f\u00fcr den Deutschen Engagement Preis nominiert.<br \/>\nDie Fuldaer K\u00fcnstler finden diese Initiative klasse und wollen daf\u00fcr die erst im letzten Jahr begr\u00fcndete Tradition einer gro\u00dfen Benefiz Gala fortf\u00fchren. Dieses erste gro\u00dfe \u201eCome Together\u201c hat bereits im Februar 2016 hunderte Zuschauer ins Schlosstheater gelockt. Dort erlebten sie einen so wunderbar unterhaltsamen Abend, dass schon bald der Ruf nach einer Fortsetzung laut wurde. Die Fuldaer K\u00fcnstler kommen diesem Wunsch am 30. April 2017 gern nach. Auch dieses Mal werden sie s\u00e4mtliche Einnahmen spenden. Jeder, der eine Karte kauft, f\u00fcr sich selbst oder auch als Geschenk, tut also Gutes und bekommt daf\u00fcr eine Spitzen-Show mit der Creme de la Creme der Fuldaer Unterhaltungsk\u00fcnstler.<\/p>\n<p>Mit dabei sind: der faszinierende Zauberer Stephan von K\u00f6ller, die versierte Entertainerin Marianne Blum, der bekannte Comedian Wolf Mihm (ehemals Wolf &amp; Bleuel), der Clowns-Lehrling und Kulturzentrum Kreuz-Vorstandsmitglied Michael Schwarz, die vielseitigen Schauspieler Barbara und Christoph Gottwald (Theater Mittendrin), die Damen-Band \u201eSabinett\u201c, das poetisch-komische Clowns-Duo Kaspar &amp; Gaya, der theater-erprobte Comedy-Jongleur Ullich Steybe, Initiator der Benefiz-Gala und selbst in der Fl\u00fcchtlingshilfe aktiv, und der ein oder andere K\u00fcnstler aus den Reihen der Gefl\u00fcchteten.<br \/>\nEs wird also bunt, spannend, musikalisch, r\u00fchrend, mitrei\u00dfend, lustig und gut f\u00fcr Alle!<\/p>\n<p>Spenden an das Wohnzimmer: IBAN: DE52 5306 0180 0100 6197 44 bei der VR Genossenschaftsbank Fulda eG, BIC: GENODE51FUL<\/p>\n<p>SCHLOSSTHEATER FULDA<br \/>\nSonntag, 30.04.2017, 19:30 Uhr<br \/>\nVeranstalter:\u00c2\u00a0\u00c2\u00a0 \u00c2\u00a0kulturzentrum kreuz e.V. &amp; Kulturamt der Stadt Fulda<\/p>\n<p>Ticket Kategorie 1:\u00c2\u00a0\u00c2\u00a0 \u00c2\u00a028 \u00e2\u201a\u00ac zzgl. Geb\u00fchr<br \/>\nTicket Kategorie 2:\u00c2\u00a0\u00c2\u00a0 \u00c2\u00a025 \u00e2\u201a\u00ac zzgl. Geb\u00fchr<br \/>\nTicket Kategorie 3:\u00c2\u00a0\u00c2\u00a0 \u00c2\u00a023 \u00e2\u201a\u00ac zzgl. Geb\u00fchr<br \/>\nTicket Kategorie 4:\u00c2\u00a0\u00c2\u00a0 \u00c2\u00a020 \u00e2\u201a\u00ac zzgl. Geb\u00fchr<br \/>\nVorverkaufsstellen: \u00c2\u00a0\u00c2\u00a0 \u00c2\u00a0Eventim, Theaterb\u00fcro Fulda, Fuldaer Zeitung 0661-280-644<br \/>\nInfo: \u00c2\u00a0\u00c2\u00a0 \u00c2\u00a0Kulturzentrum Kreuz e.V. 0661-240 230, www.kreuz.com<\/p>\n","protected":false},"excerpt":{"rendered":"<div class=\"tmnf_excerpt\"><p>Gute Nachrichten, Hoffnung, Toleranz, Engagement und Freude \u2013 das braucht unsere Gesellschaft. All das findet sich in dem Fuldaer Projekt \u201eWohnzimmer\u201c der Initiative \u201eWelcome In\u201c. Dieses \u201eWohnzimmer\u201c ist nicht einfach nur ein Zimmer, in dem sich Menschen aller Nationen, aller Fuldaer Stadtteile, aller Hautfarben, religi\u00f6ser Bekenntnisse und jeden Geschlechts und Alters treffen. Es ist auch &hellip;<\/p>\n<\/div>","protected":false},"author":1,"featured_media":162291,"comment_status":"closed","ping_status":"closed","sticky":false,"template":"","format":"standard","meta":{"footnotes":""},"categories":[1],"tags":[],"class_list":["post-162280","post","type-post","status-publish","format-standard","has-post-thumbnail","hentry","category-startseite"],"_links":{"self":[{"href":"https:\/\/www.fuldaernachrichten.de\/index.php?rest_route=\/wp\/v2\/posts\/162280","targetHints":{"allow":["GET"]}}],"collection":[{"href":"https:\/\/www.fuldaernachrichten.de\/index.php?rest_route=\/wp\/v2\/posts"}],"about":[{"href":"https:\/\/www.fuldaernachrichten.de\/index.php?rest_route=\/wp\/v2\/types\/post"}],"author":[{"embeddable":true,"href":"https:\/\/www.fuldaernachrichten.de\/index.php?rest_route=\/wp\/v2\/users\/1"}],"replies":[{"embeddable":true,"href":"https:\/\/www.fuldaernachrichten.de\/index.php?rest_route=%2Fwp%2Fv2%2Fcomments&post=162280"}],"version-history":[{"count":1,"href":"https:\/\/www.fuldaernachrichten.de\/index.php?rest_route=\/wp\/v2\/posts\/162280\/revisions"}],"predecessor-version":[{"id":162292,"href":"https:\/\/www.fuldaernachrichten.de\/index.php?rest_route=\/wp\/v2\/posts\/162280\/revisions\/162292"}],"wp:featuredmedia":[{"embeddable":true,"href":"https:\/\/www.fuldaernachrichten.de\/index.php?rest_route=\/wp\/v2\/media\/162291"}],"wp:attachment":[{"href":"https:\/\/www.fuldaernachrichten.de\/index.php?rest_route=%2Fwp%2Fv2%2Fmedia&parent=162280"}],"wp:term":[{"taxonomy":"category","embeddable":true,"href":"https:\/\/www.fuldaernachrichten.de\/index.php?rest_route=%2Fwp%2Fv2%2Fcategories&post=162280"},{"taxonomy":"post_tag","embeddable":true,"href":"https:\/\/www.fuldaernachrichten.de\/index.php?rest_route=%2Fwp%2Fv2%2Ftags&post=162280"}],"curies":[{"name":"wp","href":"https:\/\/api.w.org\/{rel}","templated":true}]}}