{"id":162269,"date":"2017-04-20T08:51:44","date_gmt":"2017-04-20T06:51:44","guid":{"rendered":"http:\/\/www.fuldaer-nachrichten.de\/?p=162269"},"modified":"2017-04-20T08:51:44","modified_gmt":"2017-04-20T06:51:44","slug":"stadtspaziergang-fulda-galerie","status":"publish","type":"post","link":"https:\/\/www.fuldaernachrichten.de\/?p=162269","title":{"rendered":"Stadtspaziergang Fulda Galerie"},"content":{"rendered":"<p>Am Dienstag, den 25. April, bietet das Seniorenb\u00fcro der Stadt Fulda einen Stadtspaziergang durch die Innenstadt an. Wir treffen uns um 13:45 Uhr an der Haltestelle der Buslinie 5 B am Busbahn\u00c2\u00adhof Stadtschloss und fahren bis zur Haltestelle \u201eHaderwald\u00c2\u00adsiedlung\u201c. Der ca. 2,5 km lange Spaziergang wird durch Erl\u00e4uterung zur Umgebung und verschiedenen sozialen Ein\u00c2\u00adrichtungen interessant.<\/p>\n<p>Am Ende der F\u00fchrung k\u00f6nnen bei Kaffee und Kuchen im Vitanas Senioren Centrum Erfahrun\u00c2\u00adgen ausgetauscht werden. Bei sch\u00f6nem Wetter kann der R\u00fcck\u00c2\u00adweg \u00fcber Neuenberg auch zu Fu\u00df gemeistert werden.<\/p>\n<p>Zur Planung ist eine Anmeldung unter Telefon 102-1972 oder 102-1974 oder 102-1967 oder 607423, oder E-Mail: senioren-buero@fulda.de erforderlich.<\/p>\n","protected":false},"excerpt":{"rendered":"<div class=\"tmnf_excerpt\"><p>Am Dienstag, den 25. April, bietet das Seniorenb\u00fcro der Stadt Fulda einen Stadtspaziergang durch die Innenstadt an. Wir treffen uns um 13:45 Uhr an der Haltestelle der Buslinie 5 B am Busbahn\u00c2\u00adhof Stadtschloss und fahren bis zur Haltestelle \u201eHaderwald\u00c2\u00adsiedlung\u201c. Der ca. 2,5 km lange Spaziergang wird durch Erl\u00e4uterung zur Umgebung und verschiedenen sozialen Ein\u00c2\u00adrichtungen interessant. &hellip;<\/p>\n<\/div>","protected":false},"author":1,"featured_media":0,"comment_status":"closed","ping_status":"closed","sticky":false,"template":"","format":"standard","meta":{"footnotes":""},"categories":[1],"tags":[],"class_list":["post-162269","post","type-post","status-publish","format-standard","hentry","category-startseite"],"_links":{"self":[{"href":"https:\/\/www.fuldaernachrichten.de\/index.php?rest_route=\/wp\/v2\/posts\/162269","targetHints":{"allow":["GET"]}}],"collection":[{"href":"https:\/\/www.fuldaernachrichten.de\/index.php?rest_route=\/wp\/v2\/posts"}],"about":[{"href":"https:\/\/www.fuldaernachrichten.de\/index.php?rest_route=\/wp\/v2\/types\/post"}],"author":[{"embeddable":true,"href":"https:\/\/www.fuldaernachrichten.de\/index.php?rest_route=\/wp\/v2\/users\/1"}],"replies":[{"embeddable":true,"href":"https:\/\/www.fuldaernachrichten.de\/index.php?rest_route=%2Fwp%2Fv2%2Fcomments&post=162269"}],"version-history":[{"count":1,"href":"https:\/\/www.fuldaernachrichten.de\/index.php?rest_route=\/wp\/v2\/posts\/162269\/revisions"}],"predecessor-version":[{"id":162271,"href":"https:\/\/www.fuldaernachrichten.de\/index.php?rest_route=\/wp\/v2\/posts\/162269\/revisions\/162271"}],"wp:attachment":[{"href":"https:\/\/www.fuldaernachrichten.de\/index.php?rest_route=%2Fwp%2Fv2%2Fmedia&parent=162269"}],"wp:term":[{"taxonomy":"category","embeddable":true,"href":"https:\/\/www.fuldaernachrichten.de\/index.php?rest_route=%2Fwp%2Fv2%2Fcategories&post=162269"},{"taxonomy":"post_tag","embeddable":true,"href":"https:\/\/www.fuldaernachrichten.de\/index.php?rest_route=%2Fwp%2Fv2%2Ftags&post=162269"}],"curies":[{"name":"wp","href":"https:\/\/api.w.org\/{rel}","templated":true}]}}