{"id":162268,"date":"2017-04-20T08:51:29","date_gmt":"2017-04-20T06:51:29","guid":{"rendered":"http:\/\/www.fuldaer-nachrichten.de\/?p=162268"},"modified":"2017-04-20T08:51:29","modified_gmt":"2017-04-20T06:51:29","slug":"wandern-rund-um-gersfeld-6","status":"publish","type":"post","link":"https:\/\/www.fuldaernachrichten.de\/?p=162268","title":{"rendered":"Wandern Rund um Gersfeld"},"content":{"rendered":"<p>Spazierengehen oder wandern macht gemeinsam mit anderen mehr Spa\u00df. Auch in der n\u00e4heren Umgebung gibt es viele attraktive Touren. Die Volkshochschule und das Seniorenb\u00fcro der Stadt Fulda bieten in Zusammenarbeit mit dem Rh\u00f6nklub am Mittwoch, den 26. April, eine Wanderung \u201eRund um Gersfeld\u201c an.<\/p>\n<p>Der Zug bringt uns nach Gersfeld. Nach einem Anstieg werden wir mit einem wundersch\u00f6nen Ausblick belohnt und haben uns die Einkehr in Sparbrod verdient. Nach der Wanderung vorbei an der Ziegelh\u00fctte fahren wir von Gersfeld aus wieder zur\u00fcck nach Fulda. Treffpunkt ist um 9:00 Uhr an der Information am Bahnhof. Auch wenn die Wege und Strecken f\u00fcr unge\u00fcbte Wanderer geeignet sind, empfiehlt sich trotzdem robustes Schuhwerk. Wir werden gegen 17:00 Uhr wieder in Fulda eintreffen.<\/p>\n<p>Zur Planung ist eine vorherige Anmeldung in der Gesch\u00e4ftsstelle der Volkshochschule im Kanzlerpalais Unterm Hl. Kreuz, Telefon 102-1477, erforderlich.<\/p>\n","protected":false},"excerpt":{"rendered":"<div class=\"tmnf_excerpt\"><p>Spazierengehen oder wandern macht gemeinsam mit anderen mehr Spa\u00df. Auch in der n\u00e4heren Umgebung gibt es viele attraktive Touren. Die Volkshochschule und das Seniorenb\u00fcro der Stadt Fulda bieten in Zusammenarbeit mit dem Rh\u00f6nklub am Mittwoch, den 26. April, eine Wanderung \u201eRund um Gersfeld\u201c an. Der Zug bringt uns nach Gersfeld. Nach einem Anstieg werden wir &hellip;<\/p>\n<\/div>","protected":false},"author":1,"featured_media":0,"comment_status":"closed","ping_status":"closed","sticky":false,"template":"","format":"standard","meta":{"footnotes":""},"categories":[1],"tags":[],"class_list":["post-162268","post","type-post","status-publish","format-standard","hentry","category-startseite"],"_links":{"self":[{"href":"https:\/\/www.fuldaernachrichten.de\/index.php?rest_route=\/wp\/v2\/posts\/162268","targetHints":{"allow":["GET"]}}],"collection":[{"href":"https:\/\/www.fuldaernachrichten.de\/index.php?rest_route=\/wp\/v2\/posts"}],"about":[{"href":"https:\/\/www.fuldaernachrichten.de\/index.php?rest_route=\/wp\/v2\/types\/post"}],"author":[{"embeddable":true,"href":"https:\/\/www.fuldaernachrichten.de\/index.php?rest_route=\/wp\/v2\/users\/1"}],"replies":[{"embeddable":true,"href":"https:\/\/www.fuldaernachrichten.de\/index.php?rest_route=%2Fwp%2Fv2%2Fcomments&post=162268"}],"version-history":[{"count":1,"href":"https:\/\/www.fuldaernachrichten.de\/index.php?rest_route=\/wp\/v2\/posts\/162268\/revisions"}],"predecessor-version":[{"id":162270,"href":"https:\/\/www.fuldaernachrichten.de\/index.php?rest_route=\/wp\/v2\/posts\/162268\/revisions\/162270"}],"wp:attachment":[{"href":"https:\/\/www.fuldaernachrichten.de\/index.php?rest_route=%2Fwp%2Fv2%2Fmedia&parent=162268"}],"wp:term":[{"taxonomy":"category","embeddable":true,"href":"https:\/\/www.fuldaernachrichten.de\/index.php?rest_route=%2Fwp%2Fv2%2Fcategories&post=162268"},{"taxonomy":"post_tag","embeddable":true,"href":"https:\/\/www.fuldaernachrichten.de\/index.php?rest_route=%2Fwp%2Fv2%2Ftags&post=162268"}],"curies":[{"name":"wp","href":"https:\/\/api.w.org\/{rel}","templated":true}]}}