{"id":162255,"date":"2017-04-20T08:51:05","date_gmt":"2017-04-20T06:51:05","guid":{"rendered":"http:\/\/www.fuldaer-nachrichten.de\/?p=162255"},"modified":"2017-04-20T08:51:05","modified_gmt":"2017-04-20T06:51:05","slug":"spende-der-sickelser-buergerfastnacht-zur-unterstuetzung-von-bildungsangeboten-fuer-gefluechtete-kinder","status":"publish","type":"post","link":"https:\/\/www.fuldaernachrichten.de\/?p=162255","title":{"rendered":"Spende der Sickelser B\u00fcrgerfastnacht zur Unterst\u00fctzung von Bildungsangeboten f\u00fcr gefl\u00fcchtete Kinder"},"content":{"rendered":"<p>Ungewohnte Rolle f\u00fcr Landrat Bernd Woide aus einem erfreulichen Anlass: Normalerweise ist er es, der die F\u00f6rderbescheide \u00fcbergibt. Diesmal aber erhielt der Landrat einen Scheck mit dem stattlichen Betrag von 1.512 Euro \u2013 nicht f\u00fcr sich pers\u00f6nlich, sondern zur Weiterleitung an das Projekt \u201eBildungskoordination f\u00fcr Neuzugewanderte\u201c.<\/p>\n<p>Obwohl Fastnacht vorbei ist, hatten die Kindergutsherrin der Sickelser B\u00fcrgerfastnacht, Lea VI., und Magd Sonja noch einmal ihre Garderoben angelegt. (Als kleine Erinnerung an die n\u00e4rrische Zeit gab es f\u00fcr Landrat Woide den Kinder-Orden.) Begleitet wurden sie beim Besuch im Kreishaus von den Eltern Anja und Mike Brandt und Elena Kraus sowie der dritten Vorsitzenden der B\u00fcrgerfastnacht, Sandra Hahling.<\/p>\n<p>Angef\u00fchrt von der Kindergutsherrin und ihrer Magd war w\u00e4hrend der zur\u00fcckliegenden Kampagne bei Fastnachtsveranstaltungen in Sickels, aber beispielsweise auch in Petersberg, Geld f\u00fcr Kinder aus Fl\u00fcchtlingsfamilien gesammelt worden. Anja Brandt hatte \u00fcber eine Arbeitskollegin von dem Projekt \u201eBildungskoordination f\u00fcr Neuzugewanderte\u201c erfahren, das beim Bildungsb\u00fcro des Landkreises Fulda angesiedelt ist.<\/p>\n<p>In dem Projekt geht es um die F\u00f6rderung von Bildungsangeboten f\u00fcr zugewanderte Menschen. Diese k\u00f6nnen von der fr\u00fchkindlichen Bildung bis zur Erwachsenenbildung reichen. Im fr\u00fchkindlichen Bereich liegt der Schwerpunkt auf der kulturellen Bildung. Hier soll auch das Spendengeld eingesetzt werden. Denkbar w\u00e4ren ein Bezuschussung eines Medienkompetenztrainings oder eines Tanzworkshop beziehungsweise die Verwendung f\u00fcr Freizeitaktivit\u00e4ten.<\/p>\n<p>Der Landrat sprach von einer \u201etollen Idee, bei der Fastnacht auch an diejenigen zu denken, denen es nicht so gut geht\u201c. Die Unterst\u00fctzung von Bildungsangeboten f\u00fcr gefl\u00fcchtete Kinder trage, so Woide, leiste einen Beitrag, um Verst\u00e4ndigungsprobleme durch mangelnde Deutschkenntnisse zu \u00fcberwinden und so die Integration\u00c2\u00a0 insgesamt zu f\u00f6rdern.<\/p>\n","protected":false},"excerpt":{"rendered":"<div class=\"tmnf_excerpt\"><p>Ungewohnte Rolle f\u00fcr Landrat Bernd Woide aus einem erfreulichen Anlass: Normalerweise ist er es, der die F\u00f6rderbescheide \u00fcbergibt. Diesmal aber erhielt der Landrat einen Scheck mit dem stattlichen Betrag von 1.512 Euro \u2013 nicht f\u00fcr sich pers\u00f6nlich, sondern zur Weiterleitung an das Projekt \u201eBildungskoordination f\u00fcr Neuzugewanderte\u201c. Obwohl Fastnacht vorbei ist, hatten die Kindergutsherrin der Sickelser &hellip;<\/p>\n<\/div>","protected":false},"author":1,"featured_media":162265,"comment_status":"closed","ping_status":"closed","sticky":false,"template":"","format":"standard","meta":{"footnotes":""},"categories":[1],"tags":[],"class_list":["post-162255","post","type-post","status-publish","format-standard","has-post-thumbnail","hentry","category-startseite"],"_links":{"self":[{"href":"https:\/\/www.fuldaernachrichten.de\/index.php?rest_route=\/wp\/v2\/posts\/162255","targetHints":{"allow":["GET"]}}],"collection":[{"href":"https:\/\/www.fuldaernachrichten.de\/index.php?rest_route=\/wp\/v2\/posts"}],"about":[{"href":"https:\/\/www.fuldaernachrichten.de\/index.php?rest_route=\/wp\/v2\/types\/post"}],"author":[{"embeddable":true,"href":"https:\/\/www.fuldaernachrichten.de\/index.php?rest_route=\/wp\/v2\/users\/1"}],"replies":[{"embeddable":true,"href":"https:\/\/www.fuldaernachrichten.de\/index.php?rest_route=%2Fwp%2Fv2%2Fcomments&post=162255"}],"version-history":[{"count":1,"href":"https:\/\/www.fuldaernachrichten.de\/index.php?rest_route=\/wp\/v2\/posts\/162255\/revisions"}],"predecessor-version":[{"id":162266,"href":"https:\/\/www.fuldaernachrichten.de\/index.php?rest_route=\/wp\/v2\/posts\/162255\/revisions\/162266"}],"wp:featuredmedia":[{"embeddable":true,"href":"https:\/\/www.fuldaernachrichten.de\/index.php?rest_route=\/wp\/v2\/media\/162265"}],"wp:attachment":[{"href":"https:\/\/www.fuldaernachrichten.de\/index.php?rest_route=%2Fwp%2Fv2%2Fmedia&parent=162255"}],"wp:term":[{"taxonomy":"category","embeddable":true,"href":"https:\/\/www.fuldaernachrichten.de\/index.php?rest_route=%2Fwp%2Fv2%2Fcategories&post=162255"},{"taxonomy":"post_tag","embeddable":true,"href":"https:\/\/www.fuldaernachrichten.de\/index.php?rest_route=%2Fwp%2Fv2%2Ftags&post=162255"}],"curies":[{"name":"wp","href":"https:\/\/api.w.org\/{rel}","templated":true}]}}