{"id":162248,"date":"2017-04-20T08:49:30","date_gmt":"2017-04-20T06:49:30","guid":{"rendered":"http:\/\/www.fuldaer-nachrichten.de\/?p=162248"},"modified":"2017-04-20T08:49:30","modified_gmt":"2017-04-20T06:49:30","slug":"tegut-will-herzberger-baeckerei-komplett-uebernehmen-w-e-g-zieht-sich-aus-der-produktion-zurueck","status":"publish","type":"post","link":"https:\/\/www.fuldaernachrichten.de\/?p=162248","title":{"rendered":"tegut\u00e2\u20ac\u00a6 will herzberger B\u00e4ckerei komplett \u00fcbernehmen \u2013 W-E-G zieht sich aus der Produktion zur\u00fcck"},"content":{"rendered":"<p>Zuk\u00fcnftig soll die herzberger B\u00e4ckerei zu der tegut\u00e2\u20ac\u00a6 gute Lebensmittel Gruppe geh\u00f6ren, sofern das erwartete gr\u00fcne Licht des Kartellamtes und der Aufsichtsgremien auf beiden Seiten in den n\u00e4chsten Tagen kommt. Die gesamte Gesellschaft wird \u00fcbernommen und produziert weiterhin f\u00fcr tegut\u00e2\u20ac\u00a6 und Drittkunden. In den rund 280 Superm\u00e4rkten werden die Kunden nach der geplanten \u00dcbernahme die Brot- und Backwaren weiterhin in Verbandsqualit\u00e4t finden. Bis 2013 waren beide Unternehmen Teil der tegut\u00e2\u20ac\u00a6 Gruppe. Nach dem \u00dcbergang des Handelsgesch\u00e4ftes und der Logistik von tegut\u00e2\u20ac\u00a6 zur Genossenschaft Migros Z\u00fcrich war die herzberger B\u00e4ckerei Teil der W-E-G Stiftung &amp; Co. KG. tegut\u00e2\u20ac\u00a6 blieb der Hauptabnehmer der produzierten Brot- und Backwaren.<\/p>\n<p>&nbsp;<\/p>\n<p><strong>Wertsch\u00f6pfung in der Region<\/strong><\/p>\n<p>\u201eWir freuen uns, dann wieder innerhalb der Unternehmensgruppe die Kundenw\u00fcnsche umsetzen zu k\u00f6nnen. So richten wir die Produktion danach aus\u201c, freut sich Thomas Gutberlet. Der tegut\u00e2\u20ac\u00a6 Gesch\u00e4ftsf\u00fchrer verweist darauf, dass die starken Verbindungen \u00fcber die letzten vier Jahre nicht abgerissen sind: \u201eSo intensivieren wir wieder die alten und auch neuen Prozesse und wollen diese im Interesse des Kunden weiterentwickeln\u201c. \u201eMit dem Ziel das beste Brot zu backen habe ich die herzberger B\u00e4ckerei \u00fcber 20 Jahre lang begleitet\u201c, sagt Wolfgang Gutberlet, Vorsitzender des W-E-G Aufsichtsrates, \u201enach dem Verkauf von tegut\u00e2\u20ac\u00a6 an die Migros, blieb tegut\u00e2\u20ac\u00a6 Hauptkunde der herzberger. Durch den Verkauf des Unternehmens von W-E-G an tegut\u00e2\u20ac\u00a6 wird die Gestaltungsmacht wieder zusammengef\u00fchrt. Das kann die herzberger Entwicklung beg\u00fcnstigen. F\u00fcr die W-E-G ist es der letzte Schritt, sich aus der Produktion f\u00fcr tegut\u00e2\u20ac\u00a6 zu verabschieden und sich frei zu machen f\u00fcr die eigenen Aufgaben. Ich danke allen Mitarbeitern, die in den letzten schwierigen Jahren konstruktiv mit- und beigetragen haben.\u201c<\/p>\n<p>&nbsp;<\/p>\n<p><strong>Nachfrage nach Bio-Brot- und Backwaren ungebremst<\/strong><\/p>\n<p>Der Bedarf an Brot- und Backwaren in Bio-Qualit\u00e4t steige ungebremst und man werde sich mit dem Kauf f\u00fcr die Zukunft strategisch noch besser aufstellen. \u201eDie Wertsch\u00f6pfung bleibt in der Region Fulda\u201c, erg\u00e4nzt Eloy Gut. F\u00fcr das Gesch\u00e4ftsleitungsmitglied \u2013 verantwortlich f\u00fcr den Einkauf \u2013 lag eine \u00dcbernahme auf der Hand: \u201eDie Firmengel\u00e4nde liegen direkt nebeneinander \u2013 beste Voraussetzung, um gemeinsam aus einer Hand schneller auf Marktbed\u00fcrfnisse reagieren zu k\u00f6nnen\u201c. Auch das seit 1992 aufgebaute Wissen rund um die nachhaltige Produktion sei von strategischem Vorteil.<\/p>\n<p>&nbsp;<\/p>\n<p>\u00dcber den Kaufpreis zum \u00dcbergang der herzberger B\u00e4ckerei von der W-E-G Stiftung &amp; Co. KG zur tegut\u00e2\u20ac\u00a6 gute Lebensmittel Gruppe wurde Stillschweigen vereinbart.<\/p>\n<p>&nbsp;<\/p>\n<p><strong>\u00dcber die W-E-G<\/strong><\/p>\n<p>Die W-E-G Stiftung &amp; Co. KG umfasst mehrere Initiativen: Die W-E-G Akademie, bankett sinnreich, Quant Qualit\u00e4tssicherung, KWALIS und das Bio-G\u00e4stehaus LindenGut. Dar\u00fcber hinaus ist die W-E-G mit dem Veranstaltungshaus \u201eMorgensternhaus\u201c im Sinne von Bio und Nachhaltigkeit ein wichtiger Anbieter. Die Initiativen vereint das Ziel, durch ihre Arbeit in Bezug auf Lebensmittel- und Lebensqualit\u00e4t der Entwicklung der Menschen zu dienen.<\/p>\n<p>&nbsp;<\/p>\n<p><strong>\u00dcber tegut\u00e2\u20ac\u00a6<\/strong><\/p>\n<p>Die tegut&#8230; gute Lebensmittel GmbH &amp; Co. KG ist ein Handelsunternehmen mit rund 280 Lebensmittelm\u00e4rkten in Hessen, Th\u00fcringen, Bayern sowie G\u00f6ttingen, Mainz, Stuttgart und Ludwigsburg. Das Angebot frischer und \u00f6kologischer Lebensmittel, regionaler Bezug sowie Aus- und Weiterbildungsm\u00f6glichkeiten der Mitarbeitenden stehen im Fokus des Vollsortimenters.<\/p>\n<p>&nbsp;<\/p>\n<p><strong>Bis zu 23 000 Produkte<\/strong><\/p>\n<p>tegut\u00e2\u20ac\u00a6 bietet seinen Kunden rund 23 000 Produkte (g\u00e4ngige Markenprodukte sowie Eigenmarken in den Preis- und Qualit\u00e4tsstufen tegut\u00e2\u20ac\u00a6 kleinster Preis, tegut\u00e2\u20ac\u00a6 Mehrwertmarke mit tegut\u00e2\u20ac\u00a6 Reinheitsversprechen, tegut\u00e2\u20ac\u00a6 vom Feinsten bis hin zu tegut\u00e2\u20ac\u00a6 Bio und der Vielzahl weiterer Bio-Marken).<\/p>\n<p>&nbsp;<\/p>\n<p><strong>Vollsortimenter mit Fokus auf Bio<\/strong><\/p>\n<p>1982 hat tegut\u00e2\u20ac\u00a6 erstmals Bio-Lebensmittel in sein Sortiment aufgenommen und erwirtschaftet heute mit \u00fcber 3 800 Bio-Produkten 25,3 % seines Umsatzes. tegut\u00e2\u20ac\u00a6 betreibt drei unterschiedliche Konzepte: Derzeit 121 Superm\u00e4rkte (in Eigenregie mit 800 m<sup>2<\/sup> bis 2 500 m<sup>2<\/sup> Verkaufsfl\u00e4che als Vollsortimenter mit bis zu 23 000 Artikeln), 121 inhabergef\u00fchrte Nahversorger (mit bis zu 800 m<sup>2<\/sup> Verkaufsfl\u00e4che und rund 7 500 angebotenen Artikeln) sowie 30 \u201etegut&#8230; L\u00e4dchen f\u00fcr alles\u201c (ab 120 m<sup>2<\/sup> auf dem Land und in Stadtquartieren mit rund 4 200 Produkten zur Nahversorgung).<\/p>\n<p>&nbsp;<\/p>\n<p><strong>Teil der Migros Z\u00fcrich<\/strong><\/p>\n<p>Seit 2013 ist tegut\u00e2\u20ac\u00a6 ein Teil der Genossenschaft Migros Z\u00fcrich. 2016 bel\u00e4uft sich der Netto-Umsatz auf 996 Mio. Euro (Vorjahr 980,9 Mio. Euro). Die Fl\u00e4chenproduktivit\u00e4t wurde 2016 um 1,2% gesteigert. Insgesamt sind 5.780 Menschen in den M\u00e4rkten, den Logistikzentren und den Zentralen Diensten in Fulda f\u00fcr tegut&#8230; t\u00e4tig. Weitere Informationen finden Sie unter <a href=\"http:\/\/www.tegut.com\/\">www.tegut.com<\/a> oder unter www. <a href=\"http:\/\/facebook.com\/tegut\">facebook.com\/tegut<\/a><\/p>\n<p><strong>\u00c2\u00a0<\/strong><\/p>\n","protected":false},"excerpt":{"rendered":"<div class=\"tmnf_excerpt\"><p>Zuk\u00fcnftig soll die herzberger B\u00e4ckerei zu der tegut\u00e2\u20ac\u00a6 gute Lebensmittel Gruppe geh\u00f6ren, sofern das erwartete gr\u00fcne Licht des Kartellamtes und der Aufsichtsgremien auf beiden Seiten in den n\u00e4chsten Tagen kommt. Die gesamte Gesellschaft wird \u00fcbernommen und produziert weiterhin f\u00fcr tegut\u00e2\u20ac\u00a6 und Drittkunden. In den rund 280 Superm\u00e4rkten werden die Kunden nach der geplanten \u00dcbernahme die &hellip;<\/p>\n<\/div>","protected":false},"author":1,"featured_media":0,"comment_status":"closed","ping_status":"closed","sticky":false,"template":"","format":"standard","meta":{"footnotes":""},"categories":[1],"tags":[],"class_list":["post-162248","post","type-post","status-publish","format-standard","hentry","category-startseite"],"_links":{"self":[{"href":"https:\/\/www.fuldaernachrichten.de\/index.php?rest_route=\/wp\/v2\/posts\/162248","targetHints":{"allow":["GET"]}}],"collection":[{"href":"https:\/\/www.fuldaernachrichten.de\/index.php?rest_route=\/wp\/v2\/posts"}],"about":[{"href":"https:\/\/www.fuldaernachrichten.de\/index.php?rest_route=\/wp\/v2\/types\/post"}],"author":[{"embeddable":true,"href":"https:\/\/www.fuldaernachrichten.de\/index.php?rest_route=\/wp\/v2\/users\/1"}],"replies":[{"embeddable":true,"href":"https:\/\/www.fuldaernachrichten.de\/index.php?rest_route=%2Fwp%2Fv2%2Fcomments&post=162248"}],"version-history":[{"count":1,"href":"https:\/\/www.fuldaernachrichten.de\/index.php?rest_route=\/wp\/v2\/posts\/162248\/revisions"}],"predecessor-version":[{"id":162258,"href":"https:\/\/www.fuldaernachrichten.de\/index.php?rest_route=\/wp\/v2\/posts\/162248\/revisions\/162258"}],"wp:attachment":[{"href":"https:\/\/www.fuldaernachrichten.de\/index.php?rest_route=%2Fwp%2Fv2%2Fmedia&parent=162248"}],"wp:term":[{"taxonomy":"category","embeddable":true,"href":"https:\/\/www.fuldaernachrichten.de\/index.php?rest_route=%2Fwp%2Fv2%2Fcategories&post=162248"},{"taxonomy":"post_tag","embeddable":true,"href":"https:\/\/www.fuldaernachrichten.de\/index.php?rest_route=%2Fwp%2Fv2%2Ftags&post=162248"}],"curies":[{"name":"wp","href":"https:\/\/api.w.org\/{rel}","templated":true}]}}