{"id":162239,"date":"2017-04-20T08:48:37","date_gmt":"2017-04-20T06:48:37","guid":{"rendered":"http:\/\/www.fuldaer-nachrichten.de\/?p=162239"},"modified":"2017-04-20T08:48:37","modified_gmt":"2017-04-20T06:48:37","slug":"sonntagsmatinee-im-klinikum-fulda-mitreissende-rhythmen-zum-leckeren-fruehstueck","status":"publish","type":"post","link":"https:\/\/www.fuldaernachrichten.de\/?p=162239","title":{"rendered":"Sonntagsmatinee im Klinikum Fulda: Mitrei\u00dfende Rhythmen zum leckeren Fr\u00fchst\u00fcck"},"content":{"rendered":"<p>Das Klinikum Fulda empf\u00e4ngt am 23. April 2017 Patienten, Angeh\u00f6rige und Besucher mit rhythmischen Kl\u00e4ngen und Live-Musik in der Eingangshalle. Im Rahmen der Reihe \u201eSonntagsmatinee\u201c spielt das Percussion-Ensemble \u201eGet Rhythm\u201c der Musikschule der Stadt Fulda zum leckeren Fr\u00fchst\u00fcck bei der B\u00e4ckerei Happ.<\/p>\n<p>Passend zum Sonntagsfr\u00fchst\u00fcck der B\u00e4ckerei Happ serviert das Ensemble \u201eGet Rhythm\u201c der Musikschule am Sonntagvormittag\u00c2\u00a0 schwungvolle Rhythmen in der Eingangshalle des Klinikums Fulda. Mit Instrumenten wie Marimba, Vibraphon, Drumset und zahlreichen gro\u00dfen und kleinen Trommeln spielen die Musiker speziell f\u00fcr diese Besetzung arrangierte Musik. Der musikalische Schwerpunkt liegt dabei klar in der brasilianischen, kubanischen und afrikanischen Musik. Doch tauchen auch immer wieder bekannte Popsongs oder Jazztitel \u00c2\u00a0auf, die durch die einmalige Besetzung \u00fcberraschend neu klingen.<\/p>\n<p>Die s\u00fcdamerikanischen und afrikanischen Rhythmen sorgen f\u00fcr eine stimmungsvolle musikalische Unterhaltung, w\u00e4hrend die\u00c2\u00a0 Patienten, Besucher und Angeh\u00f6rigen ihr Fr\u00fchst\u00fcck genie\u00dfen oder einfach nur der Musik lauschen\u00c2\u00a0 k\u00f6nnen \u2013 und mit einem besonderen Schwung in den Sonntag starten.<\/p>\n<p>Bitte beachten Sie, dass die Veranstaltung am 23.04.2017, nicht wie urspr\u00fcnglich geplant am 30.04.2017, stattfindet.<\/p>\n","protected":false},"excerpt":{"rendered":"<div class=\"tmnf_excerpt\"><p>Das Klinikum Fulda empf\u00e4ngt am 23. April 2017 Patienten, Angeh\u00f6rige und Besucher mit rhythmischen Kl\u00e4ngen und Live-Musik in der Eingangshalle. Im Rahmen der Reihe \u201eSonntagsmatinee\u201c spielt das Percussion-Ensemble \u201eGet Rhythm\u201c der Musikschule der Stadt Fulda zum leckeren Fr\u00fchst\u00fcck bei der B\u00e4ckerei Happ. Passend zum Sonntagsfr\u00fchst\u00fcck der B\u00e4ckerei Happ serviert das Ensemble \u201eGet Rhythm\u201c der Musikschule &hellip;<\/p>\n<\/div>","protected":false},"author":1,"featured_media":162251,"comment_status":"closed","ping_status":"closed","sticky":false,"template":"","format":"standard","meta":{"footnotes":""},"categories":[1],"tags":[],"class_list":["post-162239","post","type-post","status-publish","format-standard","has-post-thumbnail","hentry","category-startseite"],"_links":{"self":[{"href":"https:\/\/www.fuldaernachrichten.de\/index.php?rest_route=\/wp\/v2\/posts\/162239","targetHints":{"allow":["GET"]}}],"collection":[{"href":"https:\/\/www.fuldaernachrichten.de\/index.php?rest_route=\/wp\/v2\/posts"}],"about":[{"href":"https:\/\/www.fuldaernachrichten.de\/index.php?rest_route=\/wp\/v2\/types\/post"}],"author":[{"embeddable":true,"href":"https:\/\/www.fuldaernachrichten.de\/index.php?rest_route=\/wp\/v2\/users\/1"}],"replies":[{"embeddable":true,"href":"https:\/\/www.fuldaernachrichten.de\/index.php?rest_route=%2Fwp%2Fv2%2Fcomments&post=162239"}],"version-history":[{"count":1,"href":"https:\/\/www.fuldaernachrichten.de\/index.php?rest_route=\/wp\/v2\/posts\/162239\/revisions"}],"predecessor-version":[{"id":162252,"href":"https:\/\/www.fuldaernachrichten.de\/index.php?rest_route=\/wp\/v2\/posts\/162239\/revisions\/162252"}],"wp:featuredmedia":[{"embeddable":true,"href":"https:\/\/www.fuldaernachrichten.de\/index.php?rest_route=\/wp\/v2\/media\/162251"}],"wp:attachment":[{"href":"https:\/\/www.fuldaernachrichten.de\/index.php?rest_route=%2Fwp%2Fv2%2Fmedia&parent=162239"}],"wp:term":[{"taxonomy":"category","embeddable":true,"href":"https:\/\/www.fuldaernachrichten.de\/index.php?rest_route=%2Fwp%2Fv2%2Fcategories&post=162239"},{"taxonomy":"post_tag","embeddable":true,"href":"https:\/\/www.fuldaernachrichten.de\/index.php?rest_route=%2Fwp%2Fv2%2Ftags&post=162239"}],"curies":[{"name":"wp","href":"https:\/\/api.w.org\/{rel}","templated":true}]}}