{"id":162233,"date":"2017-04-20T08:45:16","date_gmt":"2017-04-20T06:45:16","guid":{"rendered":"http:\/\/www.fuldaer-nachrichten.de\/?p=162233"},"modified":"2017-04-20T09:12:29","modified_gmt":"2017-04-20T07:12:29","slug":"presse-information-seite-1-von-2-redaktionelle-auskunft-michael-brosig-pressestelle-telefon-49-661-6003-238-telefax-49-661-6003-682-e-mail-michael-brosigjumo-net-%e2%80%a8-jumo-gmbh","status":"publish","type":"post","link":"https:\/\/www.fuldaernachrichten.de\/?p=162233","title":{"rendered":"JUMO-Mitarbeiterinnen und -Mitarbeiter sparen 2016 rund 470.000 Euro ein"},"content":{"rendered":"<p>Das Betriebliche Vorschlagswesen ist seit Jahren ein bew\u00e4hrtes Erfolgsmodell bei der JUMO GmbH &amp; Co. KG. Seit 2012 konnten dadurch \u00fcber zwei Millionen Euro eingespart werden. Die erfolgreichsten Vorschl\u00e4ge aus dem letzten Jahr wurden im Rahmen einer Feierstunde pr\u00e4miert.<\/p>\n<p>\u201eSie sind wahre Leuchtt\u00fcrme und tragen durch Ihre Ideen zur konstanten Verbesserung unserer Marktposition bei\u201c, lobte Bernhard Juchheim, gesch\u00e4ftsf\u00fchrender Gesellschafter der JUMO-Unternehmensgruppe, in seiner Begr\u00fc\u00dfung. Selbst kleine Prozessoptimierungen seien eine wichtige Stellschraube im immer h\u00e4rter werdenden Wettbewerb.<\/p>\n<p>Alexandra Vogler, stellvertretende JUMO-Personalleiterin, zog eine positive Gesamtbilanz des Betrieblichen Vorschlagswesens im Jahr 2016. \u201e231 Mitarbeiterinnen und Mitarbeiter haben 2016 daran teilgenommen, 275 Vorschl\u00e4ge wurden eingereicht und mehr als zwei Drittel davon umgesetzt. Die Einsparungen belaufen sich auf eindrucksvolle 470.000 Euro, das ist die h\u00f6chste Summe seit Bestehen unseres Betrieblichen Vorschlagswesens.\u201c<br \/>\nF\u00fcr die erfolgreichste Idee des letzten Jahres wurden Alexander Fronapfel und Christoph Ihrig ausgezeichnet. Durch Ihren Vorschlag f\u00fcr eine innovative Abwasseranlage in einem JUMO-Produktbereich k\u00f6nnen j\u00e4hrlich rund 60.000 Euro eingespart werden. Auf Platz zwei landeten Mario Hauswirth und Thorsten Mohr, der dritte Platz ging an Karl-Heinz Dietz. Unter allen Teilnehmern wurden dar\u00fcber hinaus ein Cabrio-Wochenende, eine St\u00e4dtereise und ein Event-Gutschein verlost.<\/p>\n<p>Walter Demme, Leiter des Betrieblichen Vorschlagswesens bei JUMO, verwies darauf, dass es 2016 besonders viele Vorschl\u00e4ge gegeben h\u00e4tte, die jeweils zu Einsparungen im f\u00fcnfstelligen Bereich gef\u00fchrt h\u00e4tten. Gleichzeitig w\u00fcrden die Ideen immer komplexer und in wachsendem Ma\u00dfe neben der Technik auch die IT oder die allgemeine Ablauforganisation betreffen. Nat\u00fcrlich gibt es neben dem Betrieblichen Vorschlagswesen auch weitere Instrumente zur permanenten Verbesserung. \u201eIn unseren Ideenboxen, die vor allen Dingen f\u00fcr abteilungsinterne Prozessoptimierungen genutzt werden, wurden beispielsweise seit 2010 fast 2.900 Vorschl\u00e4ge gesammelt\u201c, erl\u00e4utert Demme.<\/p>\n","protected":false},"excerpt":{"rendered":"<div class=\"tmnf_excerpt\"><p>Das Betriebliche Vorschlagswesen ist seit Jahren ein bew\u00e4hrtes Erfolgsmodell bei der JUMO GmbH &amp; Co. KG. Seit 2012 konnten dadurch \u00fcber zwei Millionen Euro eingespart werden. Die erfolgreichsten Vorschl\u00e4ge aus dem letzten Jahr wurden im Rahmen einer Feierstunde pr\u00e4miert. \u201eSie sind wahre Leuchtt\u00fcrme und tragen durch Ihre Ideen zur konstanten Verbesserung unserer Marktposition bei\u201c, lobte &hellip;<\/p>\n<\/div>","protected":false},"author":1,"featured_media":162234,"comment_status":"closed","ping_status":"closed","sticky":false,"template":"","format":"standard","meta":{"footnotes":""},"categories":[1],"tags":[],"class_list":["post-162233","post","type-post","status-publish","format-standard","has-post-thumbnail","hentry","category-startseite"],"_links":{"self":[{"href":"https:\/\/www.fuldaernachrichten.de\/index.php?rest_route=\/wp\/v2\/posts\/162233","targetHints":{"allow":["GET"]}}],"collection":[{"href":"https:\/\/www.fuldaernachrichten.de\/index.php?rest_route=\/wp\/v2\/posts"}],"about":[{"href":"https:\/\/www.fuldaernachrichten.de\/index.php?rest_route=\/wp\/v2\/types\/post"}],"author":[{"embeddable":true,"href":"https:\/\/www.fuldaernachrichten.de\/index.php?rest_route=\/wp\/v2\/users\/1"}],"replies":[{"embeddable":true,"href":"https:\/\/www.fuldaernachrichten.de\/index.php?rest_route=%2Fwp%2Fv2%2Fcomments&post=162233"}],"version-history":[{"count":2,"href":"https:\/\/www.fuldaernachrichten.de\/index.php?rest_route=\/wp\/v2\/posts\/162233\/revisions"}],"predecessor-version":[{"id":162311,"href":"https:\/\/www.fuldaernachrichten.de\/index.php?rest_route=\/wp\/v2\/posts\/162233\/revisions\/162311"}],"wp:featuredmedia":[{"embeddable":true,"href":"https:\/\/www.fuldaernachrichten.de\/index.php?rest_route=\/wp\/v2\/media\/162234"}],"wp:attachment":[{"href":"https:\/\/www.fuldaernachrichten.de\/index.php?rest_route=%2Fwp%2Fv2%2Fmedia&parent=162233"}],"wp:term":[{"taxonomy":"category","embeddable":true,"href":"https:\/\/www.fuldaernachrichten.de\/index.php?rest_route=%2Fwp%2Fv2%2Fcategories&post=162233"},{"taxonomy":"post_tag","embeddable":true,"href":"https:\/\/www.fuldaernachrichten.de\/index.php?rest_route=%2Fwp%2Fv2%2Ftags&post=162233"}],"curies":[{"name":"wp","href":"https:\/\/api.w.org\/{rel}","templated":true}]}}