{"id":162232,"date":"2017-04-20T08:47:03","date_gmt":"2017-04-20T06:47:03","guid":{"rendered":"http:\/\/www.fuldaer-nachrichten.de\/?p=162232"},"modified":"2017-04-20T08:47:03","modified_gmt":"2017-04-20T06:47:03","slug":"folkwerkstatt-fuer-irische-bretonische-und-balkan-klaenge","status":"publish","type":"post","link":"https:\/\/www.fuldaernachrichten.de\/?p=162232","title":{"rendered":"Folkwerkstatt f\u00fcr irische, bretonische und Balkan-Kl\u00e4nge"},"content":{"rendered":"<p>Eine \u201eFolkwerkstatt irisch \u2013 bretonisch \u2013 Balkan\u201c bietet die Musikschule der Stadt Fulda am Wochenende 28.\/29. April an. In dem Workshop in den R\u00e4umen der Musikschule (Buseckstra\u00dfe 4) wird anhand von Tanzmusik aus verschiedenen Stilrichtungen das Zusammenspiel ausprobiert.<\/p>\n<p>F\u00fcr unsichere Spieler wird es leichte Begleitaufgaben geben, versiertere Spieler k\u00f6nnen die Melodien anspruchsvoller gestalten, so dass jeder seinen Platz finden wird. Die Teilnehmer erhalten wertvolle Tipps zum Thema herkunftsspezifische Verzierungen, mehrstimmiges Improvisieren und das Arrangieren beim gemeinsamen Musizieren.<\/p>\n<p>Die Folkwerkstatt richtet sich an erwachsene Spieler; Notenlesen k\u00f6nnen w\u00e4re von Vorteil, ist f\u00fcr die Teilnahme aber nicht erforderlich.<br \/>\nWeitere Infos: Musikschule Fulda, Telefon (0661) 102-1412; E-Mail:\u00c2\u00a0\u00c2\u00a0\u00c2\u00a0\u00c2\u00a0\u00c2\u00a0\u00c2\u00a0\u00c2\u00a0\u00c2\u00a0\u00c2\u00a0\u00c2\u00a0\u00c2\u00a0\u00c2\u00a0\u00c2\u00a0\u00c2\u00a0\u00c2\u00a0\u00c2\u00a0\u00c2\u00a0\u00c2\u00a0\u00c2\u00a0\u00c2\u00a0\u00c2\u00a0\u00c2\u00a0\u00c2\u00a0\u00c2\u00a0\u00c2\u00a0\u00c2\u00a0\u00c2\u00a0\u00c2\u00a0\u00c2\u00a0\u00c2\u00a0 musikschule@fulda.de<\/p>\n<p>Der genaue Termin: Freitag, 28. April, von 19.30 bis 21 Uhr und Samstag,\u00c2\u00a0\u00c2\u00a0\u00c2\u00a0\u00c2\u00a0\u00c2\u00a0\u00c2\u00a0\u00c2\u00a0 29. April, von 10 bis 16 Uhr.<\/p>\n","protected":false},"excerpt":{"rendered":"<div class=\"tmnf_excerpt\"><p>Eine \u201eFolkwerkstatt irisch \u2013 bretonisch \u2013 Balkan\u201c bietet die Musikschule der Stadt Fulda am Wochenende 28.\/29. April an. In dem Workshop in den R\u00e4umen der Musikschule (Buseckstra\u00dfe 4) wird anhand von Tanzmusik aus verschiedenen Stilrichtungen das Zusammenspiel ausprobiert. F\u00fcr unsichere Spieler wird es leichte Begleitaufgaben geben, versiertere Spieler k\u00f6nnen die Melodien anspruchsvoller gestalten, so dass &hellip;<\/p>\n<\/div>","protected":false},"author":1,"featured_media":162242,"comment_status":"closed","ping_status":"closed","sticky":false,"template":"","format":"standard","meta":{"footnotes":""},"categories":[1],"tags":[],"class_list":["post-162232","post","type-post","status-publish","format-standard","has-post-thumbnail","hentry","category-startseite"],"_links":{"self":[{"href":"https:\/\/www.fuldaernachrichten.de\/index.php?rest_route=\/wp\/v2\/posts\/162232","targetHints":{"allow":["GET"]}}],"collection":[{"href":"https:\/\/www.fuldaernachrichten.de\/index.php?rest_route=\/wp\/v2\/posts"}],"about":[{"href":"https:\/\/www.fuldaernachrichten.de\/index.php?rest_route=\/wp\/v2\/types\/post"}],"author":[{"embeddable":true,"href":"https:\/\/www.fuldaernachrichten.de\/index.php?rest_route=\/wp\/v2\/users\/1"}],"replies":[{"embeddable":true,"href":"https:\/\/www.fuldaernachrichten.de\/index.php?rest_route=%2Fwp%2Fv2%2Fcomments&post=162232"}],"version-history":[{"count":1,"href":"https:\/\/www.fuldaernachrichten.de\/index.php?rest_route=\/wp\/v2\/posts\/162232\/revisions"}],"predecessor-version":[{"id":162243,"href":"https:\/\/www.fuldaernachrichten.de\/index.php?rest_route=\/wp\/v2\/posts\/162232\/revisions\/162243"}],"wp:featuredmedia":[{"embeddable":true,"href":"https:\/\/www.fuldaernachrichten.de\/index.php?rest_route=\/wp\/v2\/media\/162242"}],"wp:attachment":[{"href":"https:\/\/www.fuldaernachrichten.de\/index.php?rest_route=%2Fwp%2Fv2%2Fmedia&parent=162232"}],"wp:term":[{"taxonomy":"category","embeddable":true,"href":"https:\/\/www.fuldaernachrichten.de\/index.php?rest_route=%2Fwp%2Fv2%2Fcategories&post=162232"},{"taxonomy":"post_tag","embeddable":true,"href":"https:\/\/www.fuldaernachrichten.de\/index.php?rest_route=%2Fwp%2Fv2%2Ftags&post=162232"}],"curies":[{"name":"wp","href":"https:\/\/api.w.org\/{rel}","templated":true}]}}