{"id":16222,"date":"2008-12-10T11:48:00","date_gmt":"2008-12-10T10:48:00","guid":{"rendered":"http:\/\/www.schoene-nachrichten.de\/?p=16222"},"modified":"2008-12-10T16:01:30","modified_gmt":"2008-12-10T15:01:30","slug":"unternehmensgruendung-innerhalb-7-tagen-koch-stellt-gemeinsam-mit-regionaler-politik-und-wirtschaft-pilotprojekt-vor","status":"publish","type":"post","link":"https:\/\/www.fuldaernachrichten.de\/?p=16222","title":{"rendered":"Unternehmensgr\u00fcndung innerhalb 7 Tagen: Koch stellt gemeinsam mit regionaler Politik und Wirtschaft Pilotprojekt vor"},"content":{"rendered":"<p><a title=\"Foto: Max Colin Heydenreich\" rel=\"lightbox[roadtrip]\" href=\"http:\/\/www.schoene-nachrichten.de\/wp-content\/uploads\/2008\/12\/081210_Koch_025.jpg\" target=\"_blank\"><img decoding=\"async\" src=\"http:\/\/www.schoene-nachrichten.de\/wp-content\/uploads\/2008\/12\/081210_Koch_025.jpg\" alt=\"081210_Koch_025.jpg\" width=\"560\" \/><\/a><\/p>\n<p><strong>Fulda.<\/strong> Gemeinsam mit Fuldas Oberb\u00fcrgermeister Gerhard M\u00f6ller, dem Landrat des Kreises Fulda, Bernd Woide, dem Pr\u00e4sidenten der IHK Fulda, Helmut Sorg, sowie dem Hauptgesch\u00e4ftsf\u00fchrer der Handwerkskammer Kassel, Peter G\u00f6bel, stellte der Hessische Ministerpr\u00e4sident Roland Koch heute in Fulda das Pilotprojekt \u201eUnternehmensgr\u00fcndung in 7 Tagen\u201c vor. Gleichzeitig unterzeichneten die Genannten eine Zielvereinbarung zur Umsetzung des Projekts.<\/p>\n<p><strong>Fotos (61):<\/strong> Max Colin Heydenreich<\/p>\n<p><a title=\"Foto: Max Colin Heydenreich\" rel=\"lightbox[roadtrip]\" href=\"http:\/\/www.schoene-nachrichten.de\/wp-content\/uploads\/2008\/12\/081210_Koch_020.jpg\" target=\"_blank\"><img decoding=\"async\" src=\"http:\/\/www.schoene-nachrichten.de\/wp-content\/uploads\/2008\/12\/081210_Koch_020.thumbnail.jpg\" alt=\"081210_Koch_020.jpg\" width=\"265\" \/><\/a> <a title=\"Foto: Max Colin Heydenreich\" rel=\"lightbox[roadtrip]\" href=\"http:\/\/www.schoene-nachrichten.de\/wp-content\/uploads\/2008\/12\/081210_Koch_010.jpg\" target=\"_blank\"><img decoding=\"async\" src=\"http:\/\/www.schoene-nachrichten.de\/wp-content\/uploads\/2008\/12\/081210_Koch_010.thumbnail.jpg\" alt=\"081210_Koch_010.jpg\" width=\"265\" \/><\/a><\/p>\n<p><!--more--><\/p>\n<p>\u201eJunge Unternehmen beleben den Wettbewerb, sie verwirklichen innovative Ideen und schaffen neue Arbeitspl\u00e4tze. Deshalb wollen wir erreichen, dass eine Unternehmensgr\u00fcndung so einfach wie m\u00f6glich gemacht wird und die dabei vorhandenen b\u00fcrokratischen H\u00fcrden so weit wie m\u00f6glich abgebaut werden\u201c betonte Ministerpr\u00e4sident Koch, der auf die gro\u00dfe Bedeutung der jungen Unternehmen f\u00fcr die wirtschaftliche Entwicklung hinwies. Ziel des Pilotprojektes sei es, den Gr\u00fcndungsvorgang f\u00fcr ein neues Unternehmen im Regelfall auf 7 Tage zu begrenzen.<\/p>\n<p><a title=\"Foto: Max Colin Heydenreich\" rel=\"lightbox[roadtrip]\" href=\"http:\/\/www.schoene-nachrichten.de\/wp-content\/uploads\/2008\/12\/081210_Koch_037.jpg\" target=\"_blank\"><img decoding=\"async\" src=\"http:\/\/www.schoene-nachrichten.de\/wp-content\/uploads\/2008\/12\/081210_Koch_037.thumbnail.jpg\" alt=\"081210_Koch_037.jpg\" width=\"265\" \/><\/a> <a title=\"Foto: Max Colin Heydenreich\" rel=\"lightbox[roadtrip]\" href=\"http:\/\/www.schoene-nachrichten.de\/wp-content\/uploads\/2008\/12\/081210_Koch_008.jpg\" target=\"_blank\"><img decoding=\"async\" src=\"http:\/\/www.schoene-nachrichten.de\/wp-content\/uploads\/2008\/12\/081210_Koch_008.thumbnail.jpg\" alt=\"081210_Koch_008.jpg\" width=\"265\" \/><\/a><\/p>\n<p>Grunds\u00e4tzlich verpflichten sich die Beteiligten in der Zielvereinbarung dazu, gemeinsam alles daran zu setzen, den Vorgang f\u00fcr Unternehmensgr\u00fcndungen m\u00f6glichst effizient und unb\u00fcrokratisch abzuwickeln und vertrauensvoll, eng und unb\u00fcrokratisch zusammenzuarbeiten. Die Stadt Fulda f\u00fcr das Stadtgebiet und der Landkreis Fulda f\u00fcr den sonstigen kreisangeh\u00f6rigen Raum werden dazu zuk\u00fcnftig die Dienstleistungen f\u00fcr Unternehmensgr\u00fcnder erweitern und in Zusammenarbeit mit den Finanzbeh\u00f6rden, den Justizbeh\u00f6rden und weiteren beteiligten Stellen die Funktion eines \u201eScout f\u00fcr Unternehmensgr\u00fcnder\u201c einrichten. Diese Servicestelle soll allen gr\u00fcndenden Unternehmen als zentraler Ansprechpartner und erste Anlaufstelle f\u00fcr die Gr\u00fcndungsformalit\u00e4ten zur Verf\u00fcgung stehen. Neben der eigentlichen Gewerbeanmeldung werden weitere f\u00fcr die Unternehmensgr\u00fcndung notwendige Schritte in das Dienstleistungsangebot einbezogen. Der Landkreis Fulda wird dazu den kreisangeh\u00f6rigen St\u00e4dten und Gemeinden anbieten, die Aufgaben der Anmeldestelle zentral wahrzunehmen. Die zentral aufgenommenen Formulare werden durch den Scout innerhalb von 24 Stunden an die zust\u00e4ndigen Beh\u00f6rden weitergeleitet.<\/p>\n<p><a title=\"Foto: Max Colin Heydenreich\" rel=\"lightbox[roadtrip]\" href=\"http:\/\/www.schoene-nachrichten.de\/wp-content\/uploads\/2008\/12\/081210_Koch_029.jpg\" target=\"_blank\"><img decoding=\"async\" src=\"http:\/\/www.schoene-nachrichten.de\/wp-content\/uploads\/2008\/12\/081210_Koch_029.thumbnail.jpg\" alt=\"081210_Koch_029.jpg\" width=\"265\" \/><\/a> <a title=\"Foto: Max Colin Heydenreich\" rel=\"lightbox[roadtrip]\" href=\"http:\/\/www.schoene-nachrichten.de\/wp-content\/uploads\/2008\/12\/081210_Koch_030.jpg\" target=\"_blank\"><img decoding=\"async\" src=\"http:\/\/www.schoene-nachrichten.de\/wp-content\/uploads\/2008\/12\/081210_Koch_030.thumbnail.jpg\" alt=\"081210_Koch_030.jpg\" width=\"265\" \/><\/a><\/p>\n<p>Oberb\u00fcrgermeister Gerhard M\u00f6ller sieht mit der Teilnahme am Pilotprojekt eine Gelegenheit, die Leistungsf\u00e4higkeit der Stadtverwaltung zu demonstrieren und im Zusammenwirken mit anderen Beh\u00f6rden zuk\u00fcnftig noch zu verbessern. \u201eWir wollen erreichen, dass die an der Unternehmensanmeldung beteiligten Beh\u00f6rden intensiver und reibungsloser zusammenarbeiten.<\/p>\n<p><a title=\"Foto: Max Colin Heydenreich\" rel=\"lightbox[roadtrip]\" href=\"http:\/\/www.schoene-nachrichten.de\/wp-content\/uploads\/2008\/12\/081210_Koch_049.jpg\" target=\"_blank\"><img decoding=\"async\" src=\"http:\/\/www.schoene-nachrichten.de\/wp-content\/uploads\/2008\/12\/081210_Koch_049.thumbnail.jpg\" alt=\"081210_Koch_049.jpg\" width=\"265\" \/><\/a> <a title=\"Foto: Max Colin Heydenreich\" rel=\"lightbox[roadtrip]\" href=\"http:\/\/www.schoene-nachrichten.de\/wp-content\/uploads\/2008\/12\/081210_Koch_050.jpg\" target=\"_blank\"><img decoding=\"async\" src=\"http:\/\/www.schoene-nachrichten.de\/wp-content\/uploads\/2008\/12\/081210_Koch_050.thumbnail.jpg\" alt=\"081210_Koch_050.jpg\" width=\"265\" \/><\/a><\/p>\n<p>Da die Stadt Fulda in der Regel eine der ersten Anlaufstellen f\u00fcr die Neugr\u00fcndung ist, haben wir dabei eine zentrale Lotsenfunktion in der Abstimmung\u201c so M\u00f6ller. \u201eUnser Ziel lautet: Guten Unternehmensideen zu einem sicheren Start verhelfen!\u201c.<\/p>\n<p><a title=\"Foto: Max Colin Heydenreich\" rel=\"lightbox[roadtrip]\" href=\"http:\/\/www.schoene-nachrichten.de\/wp-content\/uploads\/2008\/12\/081210_Koch_015.jpg\" target=\"_blank\"><img decoding=\"async\" src=\"http:\/\/www.schoene-nachrichten.de\/wp-content\/uploads\/2008\/12\/081210_Koch_015.thumbnail.jpg\" alt=\"081210_Koch_015.jpg\" width=\"265\" \/><\/a><a title=\"Foto: Max Colin Heydenreich\" rel=\"lightbox[roadtrip]\" href=\"http:\/\/www.schoene-nachrichten.de\/wp-content\/uploads\/2008\/12\/081210_Koch_016.jpg\" target=\"_blank\"> <img decoding=\"async\" src=\"http:\/\/www.schoene-nachrichten.de\/wp-content\/uploads\/2008\/12\/081210_Koch_016.thumbnail.jpg\" alt=\"081210_Koch_016.jpg\" width=\"265\" \/><\/a><\/p>\n<p>Auch f\u00fcr Landrat Bernd Woide ist das Pilotprojekt &#8216;Unternehmensgr\u00fcndung in 7 Tagen&#8217; ein wichtiges Element zur Optimierung der Beh\u00f6rdenstruktur im Landkreis Fulda. \u201eSchnelle, unb\u00fcrokratische Genehmigungen und Erlaubnisse f\u00fcr Unternehmensgr\u00fcnder sind in der heutigen Zeit ein klarer Standortvorteil. Dies gilt es f\u00fcr die Region Fulda zu nutzen&#8221; so der Landrat.<\/p>\n<p><a title=\"Foto: Max Colin Heydenreich\" rel=\"lightbox[roadtrip]\" href=\"http:\/\/www.schoene-nachrichten.de\/wp-content\/uploads\/2008\/12\/081210_Koch_011.jpg\" target=\"_blank\"><img decoding=\"async\" src=\"http:\/\/www.schoene-nachrichten.de\/wp-content\/uploads\/2008\/12\/081210_Koch_011.thumbnail.jpg\" alt=\"081210_Koch_011.jpg\" width=\"265\" \/><\/a> <a title=\"Foto: Max Colin Heydenreich\" rel=\"lightbox[roadtrip]\" href=\"http:\/\/www.schoene-nachrichten.de\/wp-content\/uploads\/2008\/12\/081210_Koch_012.jpg\" target=\"_blank\"><img decoding=\"async\" src=\"http:\/\/www.schoene-nachrichten.de\/wp-content\/uploads\/2008\/12\/081210_Koch_012.thumbnail.jpg\" alt=\"081210_Koch_012.jpg\" width=\"265\" \/><\/a><\/p>\n<p>Beide Kammern begr\u00fc\u00dfen das Pilotprojekt gleicherma\u00dfen. Wie alle mit der Unternehmensgr\u00fcndung befassten Stellen verpflichten sich auch die Industrie- und Handelskammer und die Handwerkskammer mit der Zielvereinbarung, die jeweilige Registrierung so schnell wie m\u00f6glich durchzuf\u00fchren. Hauptgesch\u00e4ftsf\u00fchrer Peter G\u00f6bel von der Handwerkskammer Fulda: \u201eWir sehen darin eine weitere Verbesserung unseres eigenen Serviceangebotes, Existenzgr\u00fcnderinnen und Existenzgr\u00fcnder m\u00f6glichst schnell und unb\u00fcrokratisch den Weg zum eigenen Betrieb zu ebnen. So bleibt ihnen mehr Zeit, das zu tun, was jeder Unternehmer will: sich um das eigentliche Gesch\u00e4ft k\u00fcmmern.\u201c Und IHK-Pr\u00e4sident Helmut Sorg erg\u00e4nzt: \u201eDie Unternehmensgr\u00fcndung in sieben Tagen ist ein wertvoller Beitrag zur Wirtschaftsf\u00f6rderung. Die Wirtschaftsregion Fulda bietet aufgrund der homogenen und mit den Kreisgrenzen deckungsgleichen Verwaltungsstrukturen einen hervorragenden Rahmen f\u00fcr dieses Projekt. Wir freuen uns, zum wiederholten Mal Pilotregion f\u00fcr das Land Hessen sein zu k\u00f6nnen.\u201c<\/p>\n<p><a title=\"Foto: Max Colin Heydenreich\" rel=\"lightbox[roadtrip]\" href=\"http:\/\/www.schoene-nachrichten.de\/wp-content\/uploads\/2008\/12\/081210_Koch_031.jpg\" target=\"_blank\"><img decoding=\"async\" src=\"http:\/\/www.schoene-nachrichten.de\/wp-content\/uploads\/2008\/12\/081210_Koch_031.thumbnail.jpg\" alt=\"081210_Koch_031.jpg\" width=\"265\" \/><\/a> <a title=\"Foto: Max Colin Heydenreich\" rel=\"lightbox[roadtrip]\" href=\"http:\/\/www.schoene-nachrichten.de\/wp-content\/uploads\/2008\/12\/081210_Koch_032.jpg\" target=\"_blank\"><img decoding=\"async\" src=\"http:\/\/www.schoene-nachrichten.de\/wp-content\/uploads\/2008\/12\/081210_Koch_032.thumbnail.jpg\" alt=\"081210_Koch_032.jpg\" width=\"265\" \/><\/a><\/p>\n<p>Die Landesregierung hat bereits durch eine Ver\u00e4nderung der Gewerbeordnung die Voraussetzung daf\u00fcr geschaffen, dass der Kreis Fulda die Gewerbeanmeldungen f\u00fcr die kreisangeh\u00f6rigen Gemeinden \u00fcbernehmen kann. Zur Begleitung des Pilotprojekts wird ein Lenkungsausschuss geschaffen, der sich mindestens einmal im Quartal trifft und die auftretenden Probleme sichten und l\u00f6sen soll.<\/p>\n<p><a title=\"Foto: Max Colin Heydenreich\" rel=\"lightbox[roadtrip]\" href=\"http:\/\/www.schoene-nachrichten.de\/wp-content\/uploads\/2008\/12\/081210_Koch_051.jpg\" target=\"_blank\"><img decoding=\"async\" src=\"http:\/\/www.schoene-nachrichten.de\/wp-content\/uploads\/2008\/12\/081210_Koch_051.thumbnail.jpg\" alt=\"081210_Koch_051.jpg\" width=\"265\" \/><\/a> <a title=\"Foto: Max Colin Heydenreich\" rel=\"lightbox[roadtrip]\" href=\"http:\/\/www.schoene-nachrichten.de\/wp-content\/uploads\/2008\/12\/081210_Koch_052.jpg\" target=\"_blank\"><img decoding=\"async\" src=\"http:\/\/www.schoene-nachrichten.de\/wp-content\/uploads\/2008\/12\/081210_Koch_052.thumbnail.jpg\" alt=\"081210_Koch_052.jpg\" width=\"265\" \/><\/a><\/p>\n<p>Nach einer angemessenen Laufzeit des Pilotprojekts soll das Modell nach dem Willen der Landesregierung dann auf ganz Hessen ausgeweitet werden. Dabei sollen die in Fulda gemachten Erfahrungen dazu dienen, das Projekt noch besser an die tats\u00e4chlichen Erfordernisse anzupassen.<\/p>\n<p><a title=\"Foto: Max Colin Heydenreich\" rel=\"lightbox[roadtrip]\" href=\"http:\/\/www.schoene-nachrichten.de\/wp-content\/uploads\/2008\/12\/081210_Koch_001.jpg\" target=\"_blank\"><img decoding=\"async\" src=\"http:\/\/www.schoene-nachrichten.de\/wp-content\/uploads\/2008\/12\/081210_Koch_001.thumbnail.jpg\" alt=\"081210_Koch_001.jpg\" width=\"265\" \/><\/a> <a title=\"Foto: Max Colin Heydenreich\" rel=\"lightbox[roadtrip]\" href=\"http:\/\/www.schoene-nachrichten.de\/wp-content\/uploads\/2008\/12\/081210_Koch_002.jpg\" target=\"_blank\"><img decoding=\"async\" src=\"http:\/\/www.schoene-nachrichten.de\/wp-content\/uploads\/2008\/12\/081210_Koch_002.thumbnail.jpg\" alt=\"081210_Koch_002.jpg\" width=\"265\" \/><\/a><\/p>\n<p><a title=\"Foto: Max Colin Heydenreich\" rel=\"lightbox[roadtrip]\" href=\"http:\/\/www.schoene-nachrichten.de\/wp-content\/uploads\/2008\/12\/081210_Koch_003.jpg\" target=\"_blank\"><img decoding=\"async\" src=\"http:\/\/www.schoene-nachrichten.de\/wp-content\/uploads\/2008\/12\/081210_Koch_003.thumbnail.jpg\" alt=\"081210_Koch_003.jpg\" width=\"265\" \/><\/a> <a title=\"Foto: Max Colin Heydenreich\" rel=\"lightbox[roadtrip]\" href=\"http:\/\/www.schoene-nachrichten.de\/wp-content\/uploads\/2008\/12\/081210_Koch_004.jpg\" target=\"_blank\"><img decoding=\"async\" src=\"http:\/\/www.schoene-nachrichten.de\/wp-content\/uploads\/2008\/12\/081210_Koch_004.thumbnail.jpg\" alt=\"081210_Koch_004.jpg\" width=\"265\" \/><\/a><\/p>\n<p><a title=\"Foto: Max Colin Heydenreich\" rel=\"lightbox[roadtrip]\" href=\"http:\/\/www.schoene-nachrichten.de\/wp-content\/uploads\/2008\/12\/081210_Koch_005.jpg\" target=\"_blank\"><img decoding=\"async\" src=\"http:\/\/www.schoene-nachrichten.de\/wp-content\/uploads\/2008\/12\/081210_Koch_005.thumbnail.jpg\" alt=\"081210_Koch_005.jpg\" width=\"265\" \/><\/a> <a title=\"Foto: Max Colin Heydenreich\" rel=\"lightbox[roadtrip]\" href=\"http:\/\/www.schoene-nachrichten.de\/wp-content\/uploads\/2008\/12\/081210_Koch_006.jpg\" target=\"_blank\"><img decoding=\"async\" src=\"http:\/\/www.schoene-nachrichten.de\/wp-content\/uploads\/2008\/12\/081210_Koch_006.thumbnail.jpg\" alt=\"081210_Koch_006.jpg\" width=\"265\" \/><\/a><\/p>\n<p><a title=\"Foto: Max Colin Heydenreich\" rel=\"lightbox[roadtrip]\" href=\"http:\/\/www.schoene-nachrichten.de\/wp-content\/uploads\/2008\/12\/081210_Koch_007.jpg\" target=\"_blank\"><img decoding=\"async\" src=\"http:\/\/www.schoene-nachrichten.de\/wp-content\/uploads\/2008\/12\/081210_Koch_007.thumbnail.jpg\" alt=\"081210_Koch_007.jpg\" width=\"265\" \/><\/a> <a title=\"Foto: Max Colin Heydenreich\" rel=\"lightbox[roadtrip]\" href=\"http:\/\/www.schoene-nachrichten.de\/wp-content\/uploads\/2008\/12\/081210_Koch_009.jpg\" target=\"_blank\"><img decoding=\"async\" src=\"http:\/\/www.schoene-nachrichten.de\/wp-content\/uploads\/2008\/12\/081210_Koch_009.thumbnail.jpg\" alt=\"081210_Koch_009.jpg\" width=\"265\" \/><\/a><\/p>\n<p><a title=\"Foto: Max Colin Heydenreich\" rel=\"lightbox[roadtrip]\" href=\"http:\/\/www.schoene-nachrichten.de\/wp-content\/uploads\/2008\/12\/081210_Koch_013.jpg\" target=\"_blank\"><img decoding=\"async\" src=\"http:\/\/www.schoene-nachrichten.de\/wp-content\/uploads\/2008\/12\/081210_Koch_013.thumbnail.jpg\" alt=\"081210_Koch_013.jpg\" width=\"265\" \/><\/a> <a title=\"Foto: Max Colin Heydenreich\" rel=\"lightbox[roadtrip]\" href=\"http:\/\/www.schoene-nachrichten.de\/wp-content\/uploads\/2008\/12\/081210_Koch_014.jpg\" target=\"_blank\"><img decoding=\"async\" src=\"http:\/\/www.schoene-nachrichten.de\/wp-content\/uploads\/2008\/12\/081210_Koch_014.thumbnail.jpg\" alt=\"081210_Koch_014.jpg\" width=\"265\" \/><\/a><\/p>\n<p><a title=\"Foto: Max Colin Heydenreich\" rel=\"lightbox[roadtrip]\" href=\"http:\/\/www.schoene-nachrichten.de\/wp-content\/uploads\/2008\/12\/081210_Koch_017.jpg\" target=\"_blank\"><img decoding=\"async\" src=\"http:\/\/www.schoene-nachrichten.de\/wp-content\/uploads\/2008\/12\/081210_Koch_017.thumbnail.jpg\" alt=\"081210_Koch_017.jpg\" width=\"265\" \/><\/a> <a title=\"Foto: Max Colin Heydenreich\" rel=\"lightbox[roadtrip]\" href=\"http:\/\/www.schoene-nachrichten.de\/wp-content\/uploads\/2008\/12\/081210_Koch_018.jpg\" target=\"_blank\"><img decoding=\"async\" src=\"http:\/\/www.schoene-nachrichten.de\/wp-content\/uploads\/2008\/12\/081210_Koch_018.thumbnail.jpg\" alt=\"081210_Koch_018.jpg\" width=\"265\" \/><\/a><\/p>\n<p><a title=\"Foto: Max Colin Heydenreich\" rel=\"lightbox[roadtrip]\" href=\"http:\/\/www.schoene-nachrichten.de\/wp-content\/uploads\/2008\/12\/081210_Koch_019.jpg\" target=\"_blank\"><img decoding=\"async\" src=\"http:\/\/www.schoene-nachrichten.de\/wp-content\/uploads\/2008\/12\/081210_Koch_019.thumbnail.jpg\" alt=\"081210_Koch_019.jpg\" width=\"265\" \/><\/a> <a title=\"Foto: Max Colin Heydenreich\" rel=\"lightbox[roadtrip]\" href=\"http:\/\/www.schoene-nachrichten.de\/wp-content\/uploads\/2008\/12\/081210_Koch_038.jpg\" target=\"_blank\"><img decoding=\"async\" src=\"http:\/\/www.schoene-nachrichten.de\/wp-content\/uploads\/2008\/12\/081210_Koch_038.thumbnail.jpg\" alt=\"081210_Koch_038.jpg\" width=\"265\" \/><\/a><\/p>\n<p><a title=\"Foto: Max Colin Heydenreich\" rel=\"lightbox[roadtrip]\" href=\"http:\/\/www.schoene-nachrichten.de\/wp-content\/uploads\/2008\/12\/081210_Koch_021.jpg\" target=\"_blank\"><img decoding=\"async\" src=\"http:\/\/www.schoene-nachrichten.de\/wp-content\/uploads\/2008\/12\/081210_Koch_021.thumbnail.jpg\" alt=\"081210_Koch_021.jpg\" width=\"265\" \/> <\/a><a title=\"Foto: Max Colin Heydenreich\" rel=\"lightbox[roadtrip]\" href=\"http:\/\/www.schoene-nachrichten.de\/wp-content\/uploads\/2008\/12\/081210_Koch_022.jpg\" target=\"_blank\"><img decoding=\"async\" src=\"http:\/\/www.schoene-nachrichten.de\/wp-content\/uploads\/2008\/12\/081210_Koch_022.thumbnail.jpg\" alt=\"081210_Koch_022.jpg\" width=\"265\" \/><\/a><\/p>\n<p><a title=\"Foto: Max Colin Heydenreich\" rel=\"lightbox[roadtrip]\" href=\"http:\/\/www.schoene-nachrichten.de\/wp-content\/uploads\/2008\/12\/081210_Koch_023.jpg\" target=\"_blank\"><img decoding=\"async\" src=\"http:\/\/www.schoene-nachrichten.de\/wp-content\/uploads\/2008\/12\/081210_Koch_023.thumbnail.jpg\" alt=\"081210_Koch_023.jpg\" width=\"265\" \/><\/a> <a title=\"Foto: Max Colin Heydenreich\" rel=\"lightbox[roadtrip]\" href=\"http:\/\/www.schoene-nachrichten.de\/wp-content\/uploads\/2008\/12\/081210_Koch_024.jpg\" target=\"_blank\"><img decoding=\"async\" src=\"http:\/\/www.schoene-nachrichten.de\/wp-content\/uploads\/2008\/12\/081210_Koch_024.thumbnail.jpg\" alt=\"081210_Koch_024.jpg\" width=\"265\" \/><\/a><\/p>\n<p><a title=\"Foto: Max Colin Heydenreich\" rel=\"lightbox[roadtrip]\" href=\"http:\/\/www.schoene-nachrichten.de\/wp-content\/uploads\/2008\/12\/081210_Koch_025.jpg\" target=\"_blank\"><img decoding=\"async\" src=\"http:\/\/www.schoene-nachrichten.de\/wp-content\/uploads\/2008\/12\/081210_Koch_025.thumbnail.jpg\" alt=\"081210_Koch_025.jpg\" width=\"265\" \/><\/a> <a title=\"Foto: Max Colin Heydenreich\" rel=\"lightbox[roadtrip]\" href=\"http:\/\/www.schoene-nachrichten.de\/wp-content\/uploads\/2008\/12\/081210_Koch_026.jpg\" target=\"_blank\"><img decoding=\"async\" src=\"http:\/\/www.schoene-nachrichten.de\/wp-content\/uploads\/2008\/12\/081210_Koch_026.thumbnail.jpg\" alt=\"081210_Koch_026.jpg\" width=\"265\" \/><\/a><\/p>\n<p><a title=\"Foto: Max Colin Heydenreich\" rel=\"lightbox[roadtrip]\" href=\"http:\/\/www.schoene-nachrichten.de\/wp-content\/uploads\/2008\/12\/081210_Koch_027.jpg\" target=\"_blank\"><img decoding=\"async\" src=\"http:\/\/www.schoene-nachrichten.de\/wp-content\/uploads\/2008\/12\/081210_Koch_027.thumbnail.jpg\" alt=\"081210_Koch_027.jpg\" width=\"265\" \/> <\/a><a title=\"Foto: Max Colin Heydenreich\" rel=\"lightbox[roadtrip]\" href=\"http:\/\/www.schoene-nachrichten.de\/wp-content\/uploads\/2008\/12\/081210_Koch_028.jpg\" target=\"_blank\"><img decoding=\"async\" src=\"http:\/\/www.schoene-nachrichten.de\/wp-content\/uploads\/2008\/12\/081210_Koch_028.thumbnail.jpg\" alt=\"081210_Koch_028.jpg\" width=\"265\" \/><\/a><\/p>\n<p><a title=\"Foto: Max Colin Heydenreich\" rel=\"lightbox[roadtrip]\" href=\"http:\/\/www.schoene-nachrichten.de\/wp-content\/uploads\/2008\/12\/081210_Koch_033.jpg\" target=\"_blank\"><img decoding=\"async\" src=\"http:\/\/www.schoene-nachrichten.de\/wp-content\/uploads\/2008\/12\/081210_Koch_033.thumbnail.jpg\" alt=\"081210_Koch_033.jpg\" width=\"265\" \/> <\/a><a title=\"Foto: Max Colin Heydenreich\" rel=\"lightbox[roadtrip]\" href=\"http:\/\/www.schoene-nachrichten.de\/wp-content\/uploads\/2008\/12\/081210_Koch_034.jpg\" target=\"_blank\"><img decoding=\"async\" src=\"http:\/\/www.schoene-nachrichten.de\/wp-content\/uploads\/2008\/12\/081210_Koch_034.thumbnail.jpg\" alt=\"081210_Koch_034.jpg\" width=\"265\" \/><\/a><\/p>\n<p><a title=\"Foto: Max Colin Heydenreich\" rel=\"lightbox[roadtrip]\" href=\"http:\/\/www.schoene-nachrichten.de\/wp-content\/uploads\/2008\/12\/081210_Koch_035.jpg\" target=\"_blank\"><img decoding=\"async\" src=\"http:\/\/www.schoene-nachrichten.de\/wp-content\/uploads\/2008\/12\/081210_Koch_035.thumbnail.jpg\" alt=\"081210_Koch_035.jpg\" width=\"265\" \/><\/a> <a title=\"Foto: Max Colin Heydenreich\" rel=\"lightbox[roadtrip]\" href=\"http:\/\/www.schoene-nachrichten.de\/wp-content\/uploads\/2008\/12\/081210_Koch_036.jpg\" target=\"_blank\"><img decoding=\"async\" src=\"http:\/\/www.schoene-nachrichten.de\/wp-content\/uploads\/2008\/12\/081210_Koch_036.thumbnail.jpg\" alt=\"081210_Koch_036.jpg\" width=\"265\" \/><\/a><\/p>\n<p><a title=\"Foto: Max Colin Heydenreich\" rel=\"lightbox[roadtrip]\" href=\"http:\/\/www.schoene-nachrichten.de\/wp-content\/uploads\/2008\/12\/081210_Koch_039.jpg\" target=\"_blank\"><img decoding=\"async\" src=\"http:\/\/www.schoene-nachrichten.de\/wp-content\/uploads\/2008\/12\/081210_Koch_039.thumbnail.jpg\" alt=\"081210_Koch_039.jpg\" width=\"265\" \/> <\/a><a title=\"Foto: Max Colin Heydenreich\" rel=\"lightbox[roadtrip]\" href=\"http:\/\/www.schoene-nachrichten.de\/wp-content\/uploads\/2008\/12\/081210_Koch_040.jpg\" target=\"_blank\"><img decoding=\"async\" src=\"http:\/\/www.schoene-nachrichten.de\/wp-content\/uploads\/2008\/12\/081210_Koch_040.thumbnail.jpg\" alt=\"081210_Koch_040.jpg\" width=\"265\" \/><\/a><\/p>\n<p><a title=\"Foto: Max Colin Heydenreich\" rel=\"lightbox[roadtrip]\" href=\"http:\/\/www.schoene-nachrichten.de\/wp-content\/uploads\/2008\/12\/081210_Koch_041.jpg\" target=\"_blank\"><img decoding=\"async\" src=\"http:\/\/www.schoene-nachrichten.de\/wp-content\/uploads\/2008\/12\/081210_Koch_041.thumbnail.jpg\" alt=\"081210_Koch_041.jpg\" width=\"265\" \/><\/a> <a title=\"Foto: Max Colin Heydenreich\" rel=\"lightbox[roadtrip]\" href=\"http:\/\/www.schoene-nachrichten.de\/wp-content\/uploads\/2008\/12\/081210_Koch_042.jpg\" target=\"_blank\"><img decoding=\"async\" src=\"http:\/\/www.schoene-nachrichten.de\/wp-content\/uploads\/2008\/12\/081210_Koch_042.thumbnail.jpg\" alt=\"081210_Koch_042.jpg\" width=\"265\" \/><\/a><\/p>\n<p><a title=\"Foto: Max Colin Heydenreich\" rel=\"lightbox[roadtrip]\" href=\"http:\/\/www.schoene-nachrichten.de\/wp-content\/uploads\/2008\/12\/081210_Koch_043.jpg\" target=\"_blank\"><img decoding=\"async\" src=\"http:\/\/www.schoene-nachrichten.de\/wp-content\/uploads\/2008\/12\/081210_Koch_043.thumbnail.jpg\" alt=\"081210_Koch_043.jpg\" width=\"265\" \/><\/a> <a title=\"Foto: Max Colin Heydenreich\" rel=\"lightbox[roadtrip]\" href=\"http:\/\/www.schoene-nachrichten.de\/wp-content\/uploads\/2008\/12\/081210_Koch_044.jpg\" target=\"_blank\"><img decoding=\"async\" src=\"http:\/\/www.schoene-nachrichten.de\/wp-content\/uploads\/2008\/12\/081210_Koch_044.thumbnail.jpg\" alt=\"081210_Koch_044.jpg\" width=\"265\" \/><\/a><\/p>\n<p><a title=\"Foto: Max Colin Heydenreich\" rel=\"lightbox[roadtrip]\" href=\"http:\/\/www.schoene-nachrichten.de\/wp-content\/uploads\/2008\/12\/081210_Koch_045.jpg\" target=\"_blank\"><img decoding=\"async\" src=\"http:\/\/www.schoene-nachrichten.de\/wp-content\/uploads\/2008\/12\/081210_Koch_045.thumbnail.jpg\" alt=\"081210_Koch_045.jpg\" width=\"265\" \/><\/a> <a title=\"Foto: Max Colin Heydenreich\" rel=\"lightbox[roadtrip]\" href=\"http:\/\/www.schoene-nachrichten.de\/wp-content\/uploads\/2008\/12\/081210_Koch_046.jpg\" target=\"_blank\"><img decoding=\"async\" src=\"http:\/\/www.schoene-nachrichten.de\/wp-content\/uploads\/2008\/12\/081210_Koch_046.thumbnail.jpg\" alt=\"081210_Koch_046.jpg\" width=\"265\" \/><\/a><\/p>\n<p><a title=\"Foto: Max Colin Heydenreich\" rel=\"lightbox[roadtrip]\" href=\"http:\/\/www.schoene-nachrichten.de\/wp-content\/uploads\/2008\/12\/081210_Koch_047.jpg\" target=\"_blank\"><img decoding=\"async\" src=\"http:\/\/www.schoene-nachrichten.de\/wp-content\/uploads\/2008\/12\/081210_Koch_047.thumbnail.jpg\" alt=\"081210_Koch_047.jpg\" width=\"265\" \/><\/a> <a title=\"Foto: Max Colin Heydenreich\" rel=\"lightbox[roadtrip]\" href=\"http:\/\/www.schoene-nachrichten.de\/wp-content\/uploads\/2008\/12\/081210_Koch_048.jpg\" target=\"_blank\"><img decoding=\"async\" src=\"http:\/\/www.schoene-nachrichten.de\/wp-content\/uploads\/2008\/12\/081210_Koch_048.thumbnail.jpg\" alt=\"081210_Koch_048.jpg\" width=\"265\" \/><\/a><\/p>\n<p><a title=\"Foto: Max Colin Heydenreich\" rel=\"lightbox[roadtrip]\" href=\"http:\/\/www.schoene-nachrichten.de\/wp-content\/uploads\/2008\/12\/081210_Koch_053.jpg\" target=\"_blank\"><img decoding=\"async\" src=\"http:\/\/www.schoene-nachrichten.de\/wp-content\/uploads\/2008\/12\/081210_Koch_053.thumbnail.jpg\" alt=\"081210_Koch_053.jpg\" width=\"265\" \/><\/a> <a title=\"Foto: Max Colin Heydenreich\" rel=\"lightbox[roadtrip]\" href=\"http:\/\/www.schoene-nachrichten.de\/wp-content\/uploads\/2008\/12\/081210_Koch_054.jpg\" target=\"_blank\"><img decoding=\"async\" src=\"http:\/\/www.schoene-nachrichten.de\/wp-content\/uploads\/2008\/12\/081210_Koch_054.thumbnail.jpg\" alt=\"081210_Koch_054.jpg\" width=\"265\" \/><\/a><\/p>\n<p><a title=\"Foto: Max Colin Heydenreich\" rel=\"lightbox[roadtrip]\" href=\"http:\/\/www.schoene-nachrichten.de\/wp-content\/uploads\/2008\/12\/081210_Koch_055.jpg\" target=\"_blank\"><img decoding=\"async\" src=\"http:\/\/www.schoene-nachrichten.de\/wp-content\/uploads\/2008\/12\/081210_Koch_055.thumbnail.jpg\" alt=\"081210_Koch_055.jpg\" width=\"265\" \/><\/a> <a title=\"Foto: Max Colin Heydenreich\" rel=\"lightbox[roadtrip]\" href=\"http:\/\/www.schoene-nachrichten.de\/wp-content\/uploads\/2008\/12\/081210_Koch_056.jpg\" target=\"_blank\"><img decoding=\"async\" src=\"http:\/\/www.schoene-nachrichten.de\/wp-content\/uploads\/2008\/12\/081210_Koch_056.thumbnail.jpg\" alt=\"081210_Koch_056.jpg\" width=\"265\" \/><\/a><\/p>\n<p><a title=\"Foto: Max Colin Heydenreich\" rel=\"lightbox[roadtrip]\" href=\"http:\/\/www.schoene-nachrichten.de\/wp-content\/uploads\/2008\/12\/081210_Koch_057.jpg\" target=\"_blank\"><img decoding=\"async\" src=\"http:\/\/www.schoene-nachrichten.de\/wp-content\/uploads\/2008\/12\/081210_Koch_057.thumbnail.jpg\" alt=\"081210_Koch_057.jpg\" width=\"265\" \/><\/a> <a title=\"Foto: Max Colin Heydenreich\" rel=\"lightbox[roadtrip]\" href=\"http:\/\/www.schoene-nachrichten.de\/wp-content\/uploads\/2008\/12\/081210_Koch_058.jpg\" target=\"_blank\"><img decoding=\"async\" src=\"http:\/\/www.schoene-nachrichten.de\/wp-content\/uploads\/2008\/12\/081210_Koch_058.thumbnail.jpg\" alt=\"081210_Koch_058.jpg\" width=\"265\" \/><\/a><\/p>\n<p><a title=\"Foto: Max Colin Heydenreich\" rel=\"lightbox[roadtrip]\" href=\"http:\/\/www.schoene-nachrichten.de\/wp-content\/uploads\/2008\/12\/081210_Koch_059.jpg\" target=\"_blank\"><img decoding=\"async\" src=\"http:\/\/www.schoene-nachrichten.de\/wp-content\/uploads\/2008\/12\/081210_Koch_059.thumbnail.jpg\" alt=\"081210_Koch_059.jpg\" width=\"265\" \/><\/a> <a title=\"Foto: Max Colin Heydenreich\" rel=\"lightbox[roadtrip]\" href=\"http:\/\/www.schoene-nachrichten.de\/wp-content\/uploads\/2008\/12\/081210_Koch_061.jpg\" target=\"_blank\"><img decoding=\"async\" src=\"http:\/\/www.schoene-nachrichten.de\/wp-content\/uploads\/2008\/12\/081210_Koch_061.thumbnail.jpg\" alt=\"081210_Koch_061.jpg\" width=\"265\" \/><\/a><\/p>\n","protected":false},"excerpt":{"rendered":"<div class=\"tmnf_excerpt\"><p>Fulda. Gemeinsam mit Fuldas Oberb\u00fcrgermeister Gerhard M\u00f6ller, dem Landrat des Kreises Fulda, Bernd Woide, dem Pr\u00e4sidenten der IHK Fulda, Helmut Sorg, sowie dem Hauptgesch\u00e4ftsf\u00fchrer der Handwerkskammer Kassel, Peter G\u00f6bel, stellte der Hessische Ministerpr\u00e4sident Roland Koch heute in Fulda das Pilotprojekt \u201eUnternehmensgr\u00fcndung in 7 Tagen\u201c vor. Gleichzeitig unterzeichneten die Genannten eine Zielvereinbarung zur Umsetzung des Projekts. &hellip;<\/p>\n<\/div>","protected":false},"author":1,"featured_media":0,"comment_status":"closed","ping_status":"closed","sticky":false,"template":"","format":"standard","meta":{"footnotes":""},"categories":[54,29,78],"tags":[],"class_list":["post-16222","post","type-post","status-publish","format-standard","hentry","category-bildergalerien","category-politik","category-topthema"],"_links":{"self":[{"href":"https:\/\/www.fuldaernachrichten.de\/index.php?rest_route=\/wp\/v2\/posts\/16222","targetHints":{"allow":["GET"]}}],"collection":[{"href":"https:\/\/www.fuldaernachrichten.de\/index.php?rest_route=\/wp\/v2\/posts"}],"about":[{"href":"https:\/\/www.fuldaernachrichten.de\/index.php?rest_route=\/wp\/v2\/types\/post"}],"author":[{"embeddable":true,"href":"https:\/\/www.fuldaernachrichten.de\/index.php?rest_route=\/wp\/v2\/users\/1"}],"replies":[{"embeddable":true,"href":"https:\/\/www.fuldaernachrichten.de\/index.php?rest_route=%2Fwp%2Fv2%2Fcomments&post=16222"}],"version-history":[{"count":4,"href":"https:\/\/www.fuldaernachrichten.de\/index.php?rest_route=\/wp\/v2\/posts\/16222\/revisions"}],"predecessor-version":[{"id":16245,"href":"https:\/\/www.fuldaernachrichten.de\/index.php?rest_route=\/wp\/v2\/posts\/16222\/revisions\/16245"}],"wp:attachment":[{"href":"https:\/\/www.fuldaernachrichten.de\/index.php?rest_route=%2Fwp%2Fv2%2Fmedia&parent=16222"}],"wp:term":[{"taxonomy":"category","embeddable":true,"href":"https:\/\/www.fuldaernachrichten.de\/index.php?rest_route=%2Fwp%2Fv2%2Fcategories&post=16222"},{"taxonomy":"post_tag","embeddable":true,"href":"https:\/\/www.fuldaernachrichten.de\/index.php?rest_route=%2Fwp%2Fv2%2Ftags&post=16222"}],"curies":[{"name":"wp","href":"https:\/\/api.w.org\/{rel}","templated":true}]}}